{"id":5113,"date":"2024-11-03T12:05:00","date_gmt":"2024-11-03T11:05:00","guid":{"rendered":"https:\/\/www.jindrichsmitka.cz\/?p=5113"},"modified":"2025-02-08T12:07:16","modified_gmt":"2025-02-08T11:07:16","slug":"nemcina-urednim-jazykem-cr-a-to-chranenym-a-dotovanym-nami-vsemi","status":"publish","type":"post","link":"http:\/\/www.jindrichsmitka.cz\/index.php\/2024\/11\/03\/nemcina-urednim-jazykem-cr-a-to-chranenym-a-dotovanym-nami-vsemi\/","title":{"rendered":"N\u011bm\u010dina \u00fa\u0159edn\u00edm jazykem \u010cR a to chr\u00e1n\u011bn\u00fdm a dotovan\u00fdm n\u00e1mi v\u0161emi"},"content":{"rendered":"\n<p><strong>Z popudu loutkov\u00e9 \u010desk\u00e9 vl\u00e1dy se stala n\u011bm\u010dina \u00fa\u0159edn\u00edm jazykem \u010cR, kter\u00fd v\u0161ichni budeme dotovat. Nikdo z n\u00e1s o to nestoj\u00ed, jen Fiala s P\u00e1vkem poslu\u0161n\u011b vrt\u00ed oc\u00e1skem. <\/strong> <\/p>\n\n\n<div class=\"wp-block-image\">\n<figure class=\"alignleft size-full is-resized\"><img loading=\"lazy\" decoding=\"async\" width=\"555\" height=\"471\" src=\"http:\/\/www.jindrichsmitka.cz\/wp-content\/uploads\/2025\/02\/Fiala-s-Posseltem.png\" alt=\"Fiala, Posselst, Landsman\u0161aft, Sude\u0165\u00e1ci, Sudet\u0161t\u00ed n\u011bmci\" class=\"wp-image-5116\" style=\"width:267px;height:auto\" srcset=\"http:\/\/www.jindrichsmitka.cz\/wp-content\/uploads\/2025\/02\/Fiala-s-Posseltem.png 555w, http:\/\/www.jindrichsmitka.cz\/wp-content\/uploads\/2025\/02\/Fiala-s-Posseltem-300x255.png 300w, http:\/\/www.jindrichsmitka.cz\/wp-content\/uploads\/2025\/02\/Fiala-s-Posseltem-495x420.png 495w, http:\/\/www.jindrichsmitka.cz\/wp-content\/uploads\/2025\/02\/Fiala-s-Posseltem-150x127.png 150w\" sizes=\"auto, (max-width: 555px) 100vw, 555px\" \/><figcaption class=\"wp-element-caption\">Fiala s Posseltem. D\u00edky k\u00e1mo\u0161\u016fm od ml\u00e1d\u00ed je nyn\u00ed n\u011bm\u010dina \u00fa\u0159edn\u00edm jazykem \u010cR. Zdroj IVK<\/figcaption><\/figure>\n<\/div>\n\n\n<p>Ano, je to tak, podle <a href=\"https:\/\/vlada.gov.cz\/cz\/ppov\/rnm\/aktuality\/ceska-repubilka-rozsirila-ochranu-nemciny-jako-mensinoveho-jazyka-212242\/\" target=\"_blank\" rel=\"noopener\" title=\"\">\u00fa\u0159adu vl\u00e1dy \u010cR<\/a> se stala N\u011bm\u010dina \u00fa\u0159edn\u00edm jazykem na\u0161\u00ed zem\u011b. Alespo\u0148 v n\u011bkter\u00fdch \u010d\u00e1stech zem\u011b. Je to dal\u0161\u00ed selh\u00e1n\u00ed vlastizr\u00e1dce Fialy a jeho proradn\u00fdch kump\u00e1n\u016f \u0159\u00edzen\u00fdch ze zahrani\u010d\u00ed. Dal\u0161\u00ed pokus o naru\u0161en\u00ed integrity na\u0161eho n\u00e1roda a likvidaci na\u0161\u00ed zem\u011b, suverenity a identity.<\/p>\n\n\n\n<p>Dal\u0161\u00ed pozv\u00e1n\u00ed pro jednou naprosto po pr\u00e1vu vys\u00eddlen\u00e9 Sudetsk\u00e9 N\u011bmce zp\u011bt do \u010cech a op\u011btovn\u00fd pokus o vytvo\u0159en\u00ed sudetsk\u00e9ho p\u0159\u00edhrani\u010d\u00ed. <\/p>\n\n\n\n<script async=\"\" src=\"\/\/pagead2.googlesyndication.com\/pagead\/js\/adsbygoogle.js\"><\/script><!-- Automatick\u00e1 velikost reklamy --><ins class=\"adsbygoogle\" style=\"display: block;\" data-ad-client=\"ca-pub-9221645303649413\" data-ad-slot=\"8661693083\" data-ad-format=\"auto\" data-full-width-responsive=\"true\"><\/ins><script>\n(adsbygoogle = window.adsbygoogle || []).push({});\n<\/script><br>\n\n\n\n<p><strong>N\u011bm\u010dina \u00fa\u0159edn\u00edm jazykem \u010cR na n\u011bkter\u00fdch m\u00edstech<\/strong><\/p>\n\n\n\n<p>Jeliko\u017e se stal z n\u011bm\u010diny druh\u00fd jazyk \u010cR, tak si nov\u011b d\u00edky na\u0161\u00ed slavn\u00e9 vl\u00e1d\u011b budou Sude\u0165\u00e1ci op\u011bt moci v n\u011bkter\u00fdch oblastech vy\u017eadovat po \u00fa\u0159adech vy\u0159izov\u00e1n\u00ed sv\u00fdch po\u017eadavk\u016f v n\u011bm\u010din\u011b a my jim to je\u0161t\u011b budeme platit, stejn\u011b tak jako jim budeme platit propagaci n\u011bmeck\u00e9ho jazyka, vlastn\u00ed televize na na\u0161em \u00fazem\u00ed a kulturn\u00ed akce.<\/p>\n\n\n\n<p>Prost\u011b par\u00e1da. Fialov\u00fd a P\u00e1vkovsk\u00fd hnus z d\u00edlny Aspen Institutu a sude\u0165\u00e1ck\u00e9ho Landsman\u0161anftu. Ka\u017ed\u00fd voli\u010d t\u011bchto loutkov\u00fdch vlastizr\u00e1dc\u016f by se m\u011bl kousnout do jazyka komu p\u0159ed\u00e1v\u00e1 moc nad na\u0161\u00ed zem\u00ed.<\/p>\n\n\n\n<p>Bli\u017e\u0161\u00ed informace s vysv\u011btlen\u00edm ve st\u0159\u00eddm\u00e9m pohledu od Inovace republiky najdete n\u00ed\u017ee:<\/p>\n\n\n\n<figure class=\"wp-block-embed is-type-video is-provider-youtube wp-block-embed-youtube wp-embed-aspect-16-9 wp-has-aspect-ratio\"><div class=\"wp-block-embed__wrapper\">\n<div class=\"youtube-embed\" data-video_id=\"5JQiXnTnrEw\"><iframe loading=\"lazy\" title=\"N\u011bm\u010dina druh\u00fd \u00fa\u0159edn\u00ed jazyk \u010cR \ud83c\udde8\ud83c\uddff REAKCE \ud83c\udde9\ud83c\uddea\" width=\"696\" height=\"392\" src=\"https:\/\/www.youtube.com\/embed\/5JQiXnTnrEw?feature=oembed&#038;enablejsapi=1\" frameborder=\"0\" allow=\"accelerometer; autoplay; clipboard-write; encrypted-media; gyroscope; picture-in-picture; web-share\" referrerpolicy=\"strict-origin-when-cross-origin\" allowfullscreen><\/iframe><\/div>\n<\/div><\/figure>\n\n\n\n<p><strong>Fiala s P\u00e1vkem jako poskoci Sude\u0165\u00e1k\u016f<\/strong><\/p>\n\n\n\n<p>V\u0161ak tak\u00e9 nen\u00ed \u017e\u00e1dn\u00fdm velk\u00fdm tajemstv\u00edm, \u017ee neschopn\u00fd a pro zahrani\u010dn\u00ed p\u00e1ni\u010dky pracuj\u00edc\u00ed pejsek Fiala, je velk\u00fdm k\u00e1mo\u0161em sude\u0165\u00e1ck\u00e9ho aktivisty Posselta, kter\u00e9mu jde na ruku u\u017e od \u00fatl\u00e9ho v\u011bku. Tohoto probl\u00e9mu si ji\u017e del\u0161\u00ed dobu v\u0161\u00edm\u00e1 i Institut V\u00e1clava Klause <a href=\"https:\/\/www.institutvk.cz\/clanky\/2347.html\">(v\u00edce zde)<\/a>.<\/p>\n\n\n\n<p>I loutkov\u00fd prezident P\u00e1vek na jednu ze sv\u00fdch prvn\u00edch zahrani\u010dn\u00edch cest zam\u00ed\u0159il ke sv\u00e9mu k\u00e1mo\u0161ovi sude\u0165\u00e1ck\u00e9mu Posselstovi, aby cel\u00e9mu n\u00e1rodu, kter\u00fd si ho tak hloup\u011b zvolil, uk\u00e1zal, kudy povede jeho zahrani\u010dn\u00ed politika. Hrdin\u011b vzdal holt Posseltovi a degradoval tak celou \u010ceskou republiku i n\u00e1s jej\u00ed obyvatele na sluhy Sude\u0165\u00e1k\u016f <a href=\"https:\/\/www.novinky.cz\/clanek\/zahranicni-prezident-pavel-podekoval-sudetonemeckemu-sdruzeni-za-zlepseni-vztahu-40432139\">(v\u00edce zde)<\/a>.<\/p>\n\n\n\n<p>Tak\u017ee Fialo s P\u00e1vkem a v\u0161ichni va\u0161i kump\u00e1ni, takhle NE! Je to z\u0159ejm\u011b ta dlouho p\u0159ipravovan\u00e1 akce na IV. N\u011bmeckou \u0159\u00ed\u0161\u00ed dosa\u017eenou skrze Evropskou unii.<\/p>\n\n\n\n<p>Na\u0161t\u011bst\u00ed u\u017e v\u00edme, \u017ee: &#8222;Nebesa pom\u00e1haj\u00ed t\u011bm, kte\u0159\u00ed si dovedou pomoci sami&#8220; (motiva\u010dn\u00ed obraz s t\u00edmto cit\u00e1tem k dost\u00e1n\u00ed zde). Jen si zat\u00edm sami moc nepom\u00e1h\u00e1me a u\u017e je sakra \u010das za\u010d\u00edt.<\/p>\n\n\n\n<p class=\"has-text-align-center\">\u2014 konec \u010dl\u00e1nku \u2014<\/p>\n\n\n\n<p><em>D\u00e1l se m\u016f\u017eete pod\u00edvat do e-shopu&nbsp;<a href=\"http:\/\/motivar.cz\/\" target=\"_blank\" rel=\"noreferrer noopener\">Motiv\u00e1\u0159.cz<\/a>&nbsp;a vybrat si z \u0159ady designov\u00fdch motiva\u010dn\u00edch obraz\u016f s cit\u00e1tem s podtitulem \u201edenn\u00ed d\u00e1vka motivace a dobr\u00e9 n\u00e1lady\u201c. P\u0159\u00edpadn\u011b se domluvit na osobn\u00ed konzultaci ohledn\u011b mo\u017enost\u00ed ochrany majetku i p\u0159es p\u0159ich\u00e1zej\u00edc\u00ed ekonomick\u00e9 turbulence&nbsp;<a href=\"https:\/\/www.jindrichsmitka.cz\/produkt\/osobni-konzultace-kryptomeny\/\" target=\"_blank\" rel=\"noreferrer noopener\">(zde)<\/a>&nbsp;anebo se m\u016f\u017eete pod\u00edvat na Videobesedu o pouti do Santiaga de Compostela&nbsp;<a href=\"https:\/\/www.jindrichsmitka.cz\/produkt\/videobeseda-3-000-kilometru-pesky-do-santiaga-de-compostela\/\" target=\"_blank\" rel=\"noreferrer noopener\">(zde)<\/a>&nbsp;a t\u0159eba si p\u0159itom i trochu vy\u010distit hlavu.&nbsp;<\/em>A nebo si po\u0159\u00eddit hezkou voskovou sv\u00ed\u010dku z rodinn\u00e9 manufaktury&nbsp;<a href=\"https:\/\/www.sochorskymlyn.cz\/\" target=\"_blank\" rel=\"noreferrer noopener\">(zde)<\/a>.<\/p>\n\n\n\n<p><em>I nad\u00e1le se v\u0161ak m\u016f\u017eete t\u011b\u0161it na dal\u0161\u00ed zaj\u00edmav\u00e1 t\u00e9mata. Rozhodn\u011b se proto&nbsp;<strong>zapi\u0161te k odb\u011bru novinek<\/strong>&nbsp;do formul\u00e1\u0159e n\u00ed\u017ee, aby V\u00e1m nic neuniklo nebo&nbsp;<strong>podpo\u0159te provoz<\/strong>&nbsp;tohoto blogu p\u0159\u00edsp\u011bvkem&nbsp;<a href=\"https:\/\/www.jindrichsmitka.cz\/2019\/04\/13\/podporte-dalsi-rozvoj-blogu\" target=\"_blank\" rel=\"noreferrer noopener\">(v\u00edce zde)<\/a>.<\/em><\/p>\n\n\n\n<p><strong>P\u0159ihl\u00e1sit k odb\u011bru novinek:<\/strong>&nbsp;[mc4wp_form id=\u201c175\u2033]<\/p>\n","protected":false},"excerpt":{"rendered":"<p>Z popudu loutkov\u00e9 \u010desk\u00e9 vl\u00e1dy se stala n\u011bm\u010dina \u00fa\u0159edn\u00edm jazykem \u010cR, kter\u00fd v\u0161ichni budeme dotovat. Nikdo z n\u00e1s o to nestoj\u00ed, jen Fiala s P\u00e1vkem poslu\u0161n\u011b vrt\u00ed oc\u00e1skem. Ano, je to tak, podle \u00fa\u0159adu vl\u00e1dy \u010cR se stala N\u011bm\u010dina \u00fa\u0159edn\u00edm jazykem na\u0161\u00ed zem\u011b. Alespo\u0148 v n\u011bkter\u00fdch \u010d\u00e1stech zem\u011b. Je to dal\u0161\u00ed selh\u00e1n\u00ed vlastizr\u00e1dce Fialy a [&hellip;]<\/p>\n","protected":false},"author":2,"featured_media":5115,"comment_status":"open","ping_status":"open","sticky":false,"template":"","format":"standard","meta":{"_jetpack_memberships_contains_paid_content":false,"footnotes":""},"categories":[1354],"tags":[1588,1590,1581,1589,1587,1591],"class_list":["post-5113","post","type-post","status-publish","format-standard","has-post-thumbnail","hentry","category-spolecnost","tag-fiala","tag-landsmansaft","tag-pavek","tag-petr-pavel","tag-posslet","tag-sudetaci"],"aioseo_notices":[],"jetpack_featured_media_url":"http:\/\/www.jindrichsmitka.cz\/wp-content\/uploads\/2025\/02\/Vlada-ceske-republiky-zajistuje-ochranu-nemeckou-jazyku-v-pohranici.jpg","jetpack_sharing_enabled":true,"_links":{"self":[{"href":"http:\/\/www.jindrichsmitka.cz\/index.php\/wp-json\/wp\/v2\/posts\/5113","targetHints":{"allow":["GET"]}}],"collection":[{"href":"http:\/\/www.jindrichsmitka.cz\/index.php\/wp-json\/wp\/v2\/posts"}],"about":[{"href":"http:\/\/www.jindrichsmitka.cz\/index.php\/wp-json\/wp\/v2\/types\/post"}],"author":[{"embeddable":true,"href":"http:\/\/www.jindrichsmitka.cz\/index.php\/wp-json\/wp\/v2\/users\/2"}],"replies":[{"embeddable":true,"href":"http:\/\/www.jindrichsmitka.cz\/index.php\/wp-json\/wp\/v2\/comments?post=5113"}],"version-history":[{"count":3,"href":"http:\/\/www.jindrichsmitka.cz\/index.php\/wp-json\/wp\/v2\/posts\/5113\/revisions"}],"predecessor-version":[{"id":5118,"href":"http:\/\/www.jindrichsmitka.cz\/index.php\/wp-json\/wp\/v2\/posts\/5113\/revisions\/5118"}],"wp:featuredmedia":[{"embeddable":true,"href":"http:\/\/www.jindrichsmitka.cz\/index.php\/wp-json\/wp\/v2\/media\/5115"}],"wp:attachment":[{"href":"http:\/\/www.jindrichsmitka.cz\/index.php\/wp-json\/wp\/v2\/media?parent=5113"}],"wp:term":[{"taxonomy":"category","embeddable":true,"href":"http:\/\/www.jindrichsmitka.cz\/index.php\/wp-json\/wp\/v2\/categories?post=5113"},{"taxonomy":"post_tag","embeddable":true,"href":"http:\/\/www.jindrichsmitka.cz\/index.php\/wp-json\/wp\/v2\/tags?post=5113"}],"curies":[{"name":"wp","href":"https:\/\/api.w.org\/{rel}","templated":true}]}}