{"id":1149,"date":"2018-03-05T08:15:01","date_gmt":"2018-03-05T07:15:01","guid":{"rendered":"http:\/\/jindrichsmitka.cz\/?p=1149"},"modified":"2018-03-05T08:15:01","modified_gmt":"2018-03-05T07:15:01","slug":"besedy-o-pouti-do-santiaga-de-compostela-2018","status":"publish","type":"post","link":"https:\/\/www.jindrichsmitka.cz\/index.php\/2018\/03\/05\/besedy-o-pouti-do-santiaga-de-compostela-2018\/","title":{"rendered":"Besedy o pouti do Santi\u00e1ga de Compostela 2018"},"content":{"rendered":"<p><strong>S\u00e9rie leto\u0161n\u00edch besed se bl\u00ed\u017e\u00ed a p\u0159in\u00e1\u0161\u00ed Inspiraci pro nerozhodnut\u00e9 a informace pro ty, co ji\u017e pl\u00e1nuj\u00ed. \u010cekaj\u00ed n\u00e1s Kasejovice, Praha, Ostrava a Olomouc.<br \/>\n<\/strong><\/p>\n<p>R\u00e1d bych p\u0159ed za\u010d\u00e1tkem leto\u0161n\u00ed poutn\u00ed sezony trochu podpo\u0159il budouc\u00ed poutn\u00edky a pomohl V\u00e1m p\u0159ipravit se na cestu do \u0161pan\u011blsk\u00e9ho <strong>Santi\u00e1ga de Compostela<\/strong>.<\/p>\n<p>Jak\u00e9 to je str\u00e1vit \u010dty\u0159i m\u011bs\u00edce na nezn\u00e1m\u00e9 cest\u011b, nav\u0161t\u00edvit p\u011bt zem\u00ed a uj\u00edt p\u0159itom na 3000 kilometr\u016f? Ud\u011bl\u00e1m, co bude v\u00a0m\u00fdch sil\u00e1ch, abych V\u00e1m objasnil, co to obn\u00e1\u0161\u00ed psychicky i fyzicky, na co se p\u0159ipravit, co u toho \u010dlov\u011bk za\u017eije, jak se p\u0159itom c\u00edt\u00ed a mo\u017en\u00e1 V\u00e1s pro\u017eit\u00fdmi p\u0159\u00edhodami i trochu pobavil.<\/p>\n<p><strong>Inspirace a informace<\/strong><\/p>\n<p>Besedy, jich\u017e se na podzim lo\u0148sk\u00e9ho roku z\u00fa\u010dastnili stovky lid\u00ed, m\u011bly velmi pozitivn\u00ed odezvu. Douf\u00e1m proto, \u017ee se mi poda\u0159ilo n\u011bkter\u00e9 nerozhodnut\u00e9 n\u00e1v\u0161t\u011bvn\u00edky inspirovat nebo alespo\u0148 doplnit informace t\u011bm, kte\u0159\u00ed ji\u017e pl\u00e1nuj\u00ed. To je ostatn\u011b c\u00edl i t\u011bch n\u011bkolik leto\u0161n\u00edch.<\/p>\n<p>Besedy o tom, co to obn\u00e1\u0161\u00ed, kdy\u017e se \u010dlov\u011bk rozhodne p\u0159ej\u00edt p\u011b\u0161ky Evropu a doputovat t\u0159eba <a href=\"http:\/\/jindrichsmitka.cz\/2016\/10\/26\/az-na-konec-sveta\/\">a\u017e na konec sv\u011bta (zde)<\/a> se budou konat na n\u00e1sleduj\u00edc\u00edch m\u00edstech:<\/p>\n<p><strong>Kasejovice<\/strong><br \/>\n17. 3. 2018 od 18:00 v\u00a0<strong>obecn\u00ed knihovn\u011b<\/strong> kasejovick\u00e9.<br \/>\n<a href=\"https:\/\/www.facebook.com\/events\/2006885406233460\/\">V\u00edce informac\u00ed (zde)<\/a><\/p>\n<p><strong>Praha<\/strong><br \/>\n10. 4. 2018 od 19:00 hodin v\u00a0karl\u00ednsk\u00e9 <strong>kav\u00e1rn\u011b Ko\u010di\u010d\u00ed<\/strong><br \/>\n<a href=\"https:\/\/www.facebook.com\/events\/153367468697259\/\">V\u00edce informac\u00ed (zde)<\/a><br \/>\n<em>Varov\u00e1n\u00ed pro alergiky: ano, opravdu tam budou \u017eiv\u00e9 ko\u010dky.<\/em><\/p>\n<p><strong>Ostrava<\/strong><br \/>\n11. 4. 2018 od 19:00 v\u00a0kulturn\u00edm centru <strong>Cooltour<\/strong><br \/>\n<a href=\"https:\/\/www.facebook.com\/events\/420623735033483\/\">V\u00edce informac\u00ed (zde)<\/a><\/p>\n<p><strong>Olomouc<\/strong><br \/>\n12. 4. 2018 od 19:00 v\u00a0\u010dajovn\u011b <strong>Kratochv\u00edle<\/strong>.<br \/>\n<a href=\"https:\/\/www.facebook.com\/events\/1597984490267144\/\">V\u00edce informac\u00ed (zde)<\/a><\/p>\n<p>V\u00edce informac\u00ed, kter\u00e9 se mi poda\u0159ilo o Svatojakubsk\u00e9 pouti nashrom\u00e1\u017edit, naleznete:<br \/>\n<a href=\"http:\/\/jindrichsmitka.cz\/2017\/06\/08\/kudy-z-cech-do-santiaga-de-compostela\/\">Na map\u011b &#8211; kudy z\u00a0\u010cech do Santi\u00e1ga de Compostela<\/a><br \/>\n<a href=\"http:\/\/jindrichsmitka.cz\/2017\/05\/31\/santiago-de-compostela-vybaveni-na-tisice-kilometru-dlouhou-pesi-pout\/\">V \u010dl\u00e1nku: Vybaven\u00ed na tis\u00edce kilometr\u016f dlouhou pou\u0165<\/a><\/p>\n<p>nebo<\/p>\n<p><a href=\"http:\/\/jindrichsmitka.cz\/2017\/07\/03\/rozhovor-o-svatojakubske-pouti-na-radiu-expres-fm\/\">V rozhovoru na r\u00e1diu Expres FM<\/a> \u010di<br \/>\n<a href=\"http:\/\/jindrichsmitka.cz\/2017\/06\/20\/rozhovor-o-svatojakubske-pouti\/\">V rozhovoru pro cestovatelsk\u00fd videoblog Kecall<\/a><\/p>\n<p>T\u011b\u0161\u00edm se na vid\u011bnou.<\/p>\n","protected":false},"excerpt":{"rendered":"<p>S\u00e9rie leto\u0161n\u00edch besed se bl\u00ed\u017e\u00ed a p\u0159in\u00e1\u0161\u00ed Inspiraci pro nerozhodnut\u00e9 a informace pro ty, co ji\u017e pl\u00e1nuj\u00ed. \u010cekaj\u00ed n\u00e1s Kasejovice, Praha, Ostrava a Olomouc.<\/p>\n","protected":false},"author":2,"featured_media":1068,"comment_status":"open","ping_status":"open","sticky":false,"template":"","format":"standard","meta":{"_jetpack_memberships_contains_paid_content":false,"footnotes":""},"categories":[194],"tags":[195,202,13,14,291,292,9,193,21,10,48,11,7,80],"class_list":{"0":"post-1149","1":"post","2":"type-post","3":"status-publish","4":"format-standard","5":"has-post-thumbnail","6":"hentry","7":"category-rozvoj-a-zajimavosti","8":"tag-beseda","9":"tag-camino","10":"tag-cesta","11":"tag-cestovani","12":"tag-olomouc","13":"tag-ostrava","14":"tag-pout","15":"tag-praha","16":"tag-putovani","17":"tag-santiago-de-compostela","19":"tag-svatojakubska-cesta","20":"tag-svatojakubska-pout","21":"tag-svaty-jakub"},"aioseo_notices":[],"jetpack_featured_media_url":"https:\/\/www.jindrichsmitka.cz\/wp-content\/uploads\/2017\/10\/20170930_112701-e1506886527914.jpg","jetpack_sharing_enabled":true,"_links":{"self":[{"href":"https:\/\/www.jindrichsmitka.cz\/index.php\/wp-json\/wp\/v2\/posts\/1149","targetHints":{"allow":["GET"]}}],"collection":[{"href":"https:\/\/www.jindrichsmitka.cz\/index.php\/wp-json\/wp\/v2\/posts"}],"about":[{"href":"https:\/\/www.jindrichsmitka.cz\/index.php\/wp-json\/wp\/v2\/types\/post"}],"author":[{"embeddable":true,"href":"https:\/\/www.jindrichsmitka.cz\/index.php\/wp-json\/wp\/v2\/users\/2"}],"replies":[{"embeddable":true,"href":"https:\/\/www.jindrichsmitka.cz\/index.php\/wp-json\/wp\/v2\/comments?post=1149"}],"version-history":[{"count":0,"href":"https:\/\/www.jindrichsmitka.cz\/index.php\/wp-json\/wp\/v2\/posts\/1149\/revisions"}],"wp:featuredmedia":[{"embeddable":true,"href":"https:\/\/www.jindrichsmitka.cz\/index.php\/wp-json\/wp\/v2\/media\/1068"}],"wp:attachment":[{"href":"https:\/\/www.jindrichsmitka.cz\/index.php\/wp-json\/wp\/v2\/media?parent=1149"}],"wp:term":[{"taxonomy":"category","embeddable":true,"href":"https:\/\/www.jindrichsmitka.cz\/index.php\/wp-json\/wp\/v2\/categories?post=1149"},{"taxonomy":"post_tag","embeddable":true,"href":"https:\/\/www.jindrichsmitka.cz\/index.php\/wp-json\/wp\/v2\/tags?post=1149"}],"curies":[{"name":"wp","href":"https:\/\/api.w.org\/{rel}","templated":true}]}}