{"id":1169,"date":"2018-04-16T08:15:14","date_gmt":"2018-04-16T06:15:14","guid":{"rendered":"http:\/\/jindrichsmitka.cz\/?p=1169"},"modified":"2018-04-16T08:15:14","modified_gmt":"2018-04-16T06:15:14","slug":"ceskomoravske-besedovani","status":"publish","type":"post","link":"https:\/\/www.jindrichsmitka.cz\/index.php\/2018\/04\/16\/ceskomoravske-besedovani\/","title":{"rendered":"\u010ceskomoravsk\u00e9 besedov\u00e1n\u00ed"},"content":{"rendered":"<p><strong>Ostrava, Olomouc a Praha hostily s\u00e9rii besed o Svatojakubsk\u00e9 pouti. V\u0159el\u00e9 d\u00edky n\u00e1v\u0161t\u011bvn\u00edk\u016fm besed. Pozn\u00e1v\u00e1n\u00ed rodn\u00e9 zem\u011b a doposud nezn\u00e1m\u00fdch \u010d\u00e1st\u00ed Moravy. <\/strong><\/p>\n<figure id=\"attachment_1172\" aria-describedby=\"caption-attachment-1172\" style=\"width: 300px\" class=\"wp-caption alignleft\"><a href=\"https:\/\/www.jindrichsmitka.cz\/wp-content\/uploads\/2018\/04\/beseda-ostrava.jpg\"><img loading=\"lazy\" decoding=\"async\" class=\"size-medium wp-image-1172\" src=\"https:\/\/www.jindrichsmitka.cz\/wp-content\/uploads\/2018\/04\/beseda-ostrava-300x225.jpg\" alt=\"Ostrava na Svatojakubsk\u00e9 pouti\" width=\"300\" height=\"225\" srcset=\"https:\/\/www.jindrichsmitka.cz\/wp-content\/uploads\/2018\/04\/beseda-ostrava-300x225.jpg 300w, https:\/\/www.jindrichsmitka.cz\/wp-content\/uploads\/2018\/04\/beseda-ostrava-768x576.jpg 768w, https:\/\/www.jindrichsmitka.cz\/wp-content\/uploads\/2018\/04\/beseda-ostrava-150x113.jpg 150w, https:\/\/www.jindrichsmitka.cz\/wp-content\/uploads\/2018\/04\/beseda-ostrava-696x522.jpg 696w, https:\/\/www.jindrichsmitka.cz\/wp-content\/uploads\/2018\/04\/beseda-ostrava.jpg 960w\" sizes=\"auto, (max-width: 300px) 100vw, 300px\" \/><\/a><figcaption id=\"caption-attachment-1172\" class=\"wp-caption-text\">Na besed\u011b v Ostrav\u011b<\/figcaption><\/figure>\n<p>R\u00e1d bych t\u00edmto vyj\u00e1d\u0159il sv\u00e9 v\u0159el\u00e9 d\u00edky n\u00e1v\u0161t\u011bvn\u00edk\u016fm besed. Velmi si v\u00e1\u017e\u00edm toho, \u017ee i druh\u00fd turnus zaznamenal silnou n\u00e1v\u0161t\u011bvnost a mohl jsem V\u00e1s op\u011bt prov\u00e9st zkr\u00e1cenou verz\u00ed Svatojakubsk\u00e9 pouti z\u00a0\u010cech a\u017e do Santi\u00e1ga.<\/p>\n<p>Mnohokr\u00e1t d\u011bkuji v\u0161em, kte\u0159\u00ed se z\u00fa\u010dastnili za vysokou n\u00e1v\u0161t\u011bvnost v\u00a0Ostrav\u011b a Olomouci a n\u00e1v\u0161t\u011bvn\u00edk\u016fm pra\u017esk\u00e9 besedy, kte\u0159\u00ed se v\u00a0n\u011bkter\u00fdch p\u0159\u00edpadech sjeli a\u017e z\u00a0dalek\u00fdch kout\u016f na\u0161\u00ed zem\u011b.<\/p>\n<p><strong>Pozn\u00e1v\u00e1n\u00ed Moravy<\/strong><\/p>\n<p>Tuto p\u0159\u00edle\u017eitost jsem z\u00e1rove\u0148 vyu\u017eil k\u00a0pozn\u00e1v\u00e1n\u00ed na\u0161\u00ed vlasti. U\u017e p\u0159i za\u010d\u00e1tku kr\u00e1tk\u00e9 n\u00e1v\u0161t\u011bvy Moravy si m\u011b Ostrava z\u00edskala sv\u00fdm dolem Jind\u0159ich, kter\u00fd je pro m\u011b jasnou spojnic\u00ed ke spole\u010dn\u00e9 hornick\u00e9 minulosti v\u00a0m\u00e9 domovsk\u00e9 P\u0159\u00edbrami. \u00a0Z\u00e1rove\u0148 jsem kone\u010dn\u011b ochutnal m\u00edstn\u00ed frg\u00e1l. Velmi jsem tak\u00e9 ocenil v\u00fdbornou organizaci besedy v\u00a0kulturn\u00edm centru Cooltour a r\u00e1d bych za tuto p\u0159\u00edle\u017eitost organiz\u00e1tor\u016fm pod\u011bkoval.<\/p>\n<figure id=\"attachment_1173\" aria-describedby=\"caption-attachment-1173\" style=\"width: 225px\" class=\"wp-caption alignleft\"><a href=\"https:\/\/www.jindrichsmitka.cz\/wp-content\/uploads\/2018\/04\/Olomouc-na-blog.jpg\"><img loading=\"lazy\" decoding=\"async\" class=\"size-medium wp-image-1173\" src=\"https:\/\/www.jindrichsmitka.cz\/wp-content\/uploads\/2018\/04\/Olomouc-na-blog-225x300.jpg\" alt=\"Orloj v Olommouci p\u0159i Svatojakubsk\u00e9 besed\u011b.\" width=\"225\" height=\"300\" srcset=\"https:\/\/www.jindrichsmitka.cz\/wp-content\/uploads\/2018\/04\/Olomouc-na-blog-225x300.jpg 225w, https:\/\/www.jindrichsmitka.cz\/wp-content\/uploads\/2018\/04\/Olomouc-na-blog-768x1024.jpg 768w, https:\/\/www.jindrichsmitka.cz\/wp-content\/uploads\/2018\/04\/Olomouc-na-blog-1152x1536.jpg 1152w, https:\/\/www.jindrichsmitka.cz\/wp-content\/uploads\/2018\/04\/Olomouc-na-blog-1536x2048.jpg 1536w, https:\/\/www.jindrichsmitka.cz\/wp-content\/uploads\/2018\/04\/Olomouc-na-blog-150x200.jpg 150w, https:\/\/www.jindrichsmitka.cz\/wp-content\/uploads\/2018\/04\/Olomouc-na-blog-300x400.jpg 300w, https:\/\/www.jindrichsmitka.cz\/wp-content\/uploads\/2018\/04\/Olomouc-na-blog-696x928.jpg 696w, https:\/\/www.jindrichsmitka.cz\/wp-content\/uploads\/2018\/04\/Olomouc-na-blog-1068x1424.jpg 1068w, https:\/\/www.jindrichsmitka.cz\/wp-content\/uploads\/2018\/04\/Olomouc-na-blog-scaled.jpg 1920w\" sizes=\"auto, (max-width: 225px) 100vw, 225px\" \/><\/a><figcaption id=\"caption-attachment-1173\" class=\"wp-caption-text\">Olouck\u00fd orloj<\/figcaption><\/figure>\n<p>V\u00a0Olom\u00f3ci jsem m\u011bl mo\u017enost se toulat n\u00e1dhern\u00fdmi uli\u010dkami star\u00e9ho m\u011bsta, pln\u00e9ho sympatick\u00fdch drobn\u00fdch kr\u00e1mk\u016f a nezapomenuteln\u00e9 atmosf\u00e9ry. M\u00edstn\u00ed \u010dajovn\u011b Kratochv\u00edle pak mus\u00edm pod\u011bkovat za p\u0159\u00edjemn\u00e9 prost\u0159ed\u00ed a mo\u017enost realizace besedy a stejn\u011b tak n\u00e1v\u0161t\u011bvn\u00edk\u016fm za hojnou \u00fa\u010dast. Kapacitu m\u00edsta jsme toti\u017e p\u0159ekro\u010dili o v\u00edc ne\u017e polovinu.<\/p>\n<p><strong>Krom\u011b\u0159\u00ed\u017e a \u010cesk\u00e9 dr\u00e1hy nezklamaly<\/strong><\/p>\n<p>Cestou d\u00e1l jsem je\u0161t\u011b str\u00e1vil chv\u00edli \u010dasu v\u00a0p\u0159ekr\u00e1sn\u00e9 Krom\u011b\u0159\u00ed\u017ei a pak zas hur\u00e1 dom\u016f. Jen \u010cesk\u00e9 dr\u00e1hy op\u011bt nezklamaly a cestu opep\u0159ily trochou nepohody. Zaj\u00edmav\u011bj\u0161\u00ed \u010d\u00e1st byla cesta z Krom\u011b\u0159\u00ed\u017ee do Hul\u00edna a\u017e trohu historick\u00fdm vl\u00e1\u010dkem.<\/p>\n<p>Cesta z Hul\u00edna d\u00e1l v\u0161ak pokra\u010dovala p\u0159epln\u011bn\u00fdm rychl\u00edkem, kde se st\u00e1lo i v uli\u010dk\u00e1ch a\u017e do Olomouce. M\u011bli jsme ale \u0161t\u011bst\u00ed, \u017ee jsme nemuseli st\u00e1t celou cestu a\u017e na pra\u017esk\u00e9 Hlavn\u00ed n\u00e1dra\u017e\u00ed. Mysl\u00edm, \u017ee k tomu nebylo mo daleko.<\/p>\n<figure id=\"attachment_1178\" aria-describedby=\"caption-attachment-1178\" style=\"width: 300px\" class=\"wp-caption alignleft\"><a href=\"https:\/\/www.jindrichsmitka.cz\/wp-content\/uploads\/2018\/04\/IMG_20180415_133333.jpg\"><img loading=\"lazy\" decoding=\"async\" class=\"size-medium wp-image-1178\" src=\"https:\/\/www.jindrichsmitka.cz\/wp-content\/uploads\/2018\/04\/IMG_20180415_133333-300x225.jpg\" alt=\"Vl\u00e1\u010dek z Krom\u011b\u0159\u00ed\u017ee do Hul\u00edna. \" width=\"300\" height=\"225\" srcset=\"https:\/\/www.jindrichsmitka.cz\/wp-content\/uploads\/2018\/04\/IMG_20180415_133333-300x225.jpg 300w, https:\/\/www.jindrichsmitka.cz\/wp-content\/uploads\/2018\/04\/IMG_20180415_133333-1024x768.jpg 1024w, https:\/\/www.jindrichsmitka.cz\/wp-content\/uploads\/2018\/04\/IMG_20180415_133333-768x576.jpg 768w\" sizes=\"auto, (max-width: 300px) 100vw, 300px\" \/><\/a><figcaption id=\"caption-attachment-1178\" class=\"wp-caption-text\">Krom\u011b\u0159\u00ed\u017esk\u00e1 lok\u00e1lka<\/figcaption><\/figure>\n<p>V\u00fdlet na Moravu jsem si v\u0161ak velmi u\u017eil a douf\u00e1m, \u017ee se tam zase v\u00a0dohledn\u00e9 dob\u011b uvid\u00edme. P\u0159\u00ed\u0161t\u011b t\u0159eba op\u011bt nad besedou, jen s jin\u00fdm t\u00e9matem.<\/p>\n","protected":false},"excerpt":{"rendered":"<p>Ostrava, Olomouc a Praha hostily s\u00e9rii besed o Svatojakubsk\u00e9 pouti. V\u0159el\u00e9 d\u00edky n\u00e1v\u0161t\u011bvn\u00edk\u016fm besed. Pozn\u00e1v\u00e1n\u00ed rodn\u00e9 zem\u011b a doposud nezn\u00e1m\u00fdch \u010d\u00e1st\u00ed Moravy. <\/p>\n","protected":false},"author":2,"featured_media":1177,"comment_status":"closed","ping_status":"open","sticky":false,"template":"","format":"standard","meta":{"_jetpack_memberships_contains_paid_content":false,"footnotes":""},"categories":[307],"tags":[195,202,13,308,309,291,292,9,200,21,10,33,80],"class_list":["post-1169","post","type-post","status-publish","format-standard","has-post-thumbnail","hentry","category-cechy-a-morava","tag-beseda","tag-camino","tag-cesta","tag-kromeriz","tag-morava","tag-olomouc","tag-ostrava","tag-pout","tag-prezentace","tag-putovani","tag-santiago-de-compostela","tag-svatojakusbka-cesta","tag-svaty-jakub"],"aioseo_notices":[],"jetpack_featured_media_url":"https:\/\/www.jindrichsmitka.cz\/wp-content\/uploads\/2018\/04\/Dul-jindrich3-scaled.jpg","jetpack_sharing_enabled":true,"_links":{"self":[{"href":"https:\/\/www.jindrichsmitka.cz\/index.php\/wp-json\/wp\/v2\/posts\/1169","targetHints":{"allow":["GET"]}}],"collection":[{"href":"https:\/\/www.jindrichsmitka.cz\/index.php\/wp-json\/wp\/v2\/posts"}],"about":[{"href":"https:\/\/www.jindrichsmitka.cz\/index.php\/wp-json\/wp\/v2\/types\/post"}],"author":[{"embeddable":true,"href":"https:\/\/www.jindrichsmitka.cz\/index.php\/wp-json\/wp\/v2\/users\/2"}],"replies":[{"embeddable":true,"href":"https:\/\/www.jindrichsmitka.cz\/index.php\/wp-json\/wp\/v2\/comments?post=1169"}],"version-history":[{"count":0,"href":"https:\/\/www.jindrichsmitka.cz\/index.php\/wp-json\/wp\/v2\/posts\/1169\/revisions"}],"wp:featuredmedia":[{"embeddable":true,"href":"https:\/\/www.jindrichsmitka.cz\/index.php\/wp-json\/wp\/v2\/media\/1177"}],"wp:attachment":[{"href":"https:\/\/www.jindrichsmitka.cz\/index.php\/wp-json\/wp\/v2\/media?parent=1169"}],"wp:term":[{"taxonomy":"category","embeddable":true,"href":"https:\/\/www.jindrichsmitka.cz\/index.php\/wp-json\/wp\/v2\/categories?post=1169"},{"taxonomy":"post_tag","embeddable":true,"href":"https:\/\/www.jindrichsmitka.cz\/index.php\/wp-json\/wp\/v2\/tags?post=1169"}],"curies":[{"name":"wp","href":"https:\/\/api.w.org\/{rel}","templated":true}]}}