{"id":122,"date":"2016-06-22T22:27:53","date_gmt":"2016-06-22T20:27:53","guid":{"rendered":"http:\/\/jindrichsmitka.cz\/?p=122"},"modified":"2016-06-22T22:27:53","modified_gmt":"2016-06-22T20:27:53","slug":"regensburg-prekonan-komari-nikoliv","status":"publish","type":"post","link":"https:\/\/www.jindrichsmitka.cz\/index.php\/2016\/06\/22\/regensburg-prekonan-komari-nikoliv\/","title":{"rendered":"Svatojakubsk\u00e1 pou\u0165: Regensburg p\u0159ekon\u00e1n, kom\u00e1\u0159i nikoli"},"content":{"rendered":"\n<p><strong>Do Regensburgu jsem po Svatojakubsk\u00e9 pouti dob\u011bhl s mrakem kom\u00e1r\u016f v z\u00e1dech. Ve m\u011bst\u011b se ztratil kv\u016fli \u0161patn\u00e9mu zna\u010den\u00ed, ale nakonec na\u0161el spr\u00e1vn\u00fd sm\u011br. Op\u011bt do dlouh\u00e9ho lesn\u00edho pochodu pln\u00e9ho kom\u00e1r\u016f.<\/strong><\/p>\n\n\n\n<p><strong>Svatojakubsk\u00e1 poutn\u00ed trasa<\/strong> z\u00a0<strong>Worth an der Donau<\/strong> do <strong>Regenstburgu<\/strong> (<strong>\u0158ezna<\/strong>) m\u011b\u0159ila 30 kilometr\u016f a abych se nezni\u010dil, pl\u00e1noval jsem ji uj\u00edt za dva dny. V\u00a0prvn\u00edm lese jsem v\u0161ak byl nucen nasadit vysok\u00e9 tempo. P\u0159es hojnost zral\u00fdch bor\u016fvek a jah\u016fdek, jsem se ob\u010derstvit nemohl. De\u0161t\u011b a teplo\u00a0posledn\u00edch t\u00fddn\u016f vytvo\u0159ily ide\u00e1ln\u00ed podm\u00ednky pro kom\u00e1ry, kte\u0159\u00ed m\u011b cestou m\u00e1lem se\u017erali. Jedin\u00e1 cesta ven z\u00a0mra\u010den dot\u011brn\u00e9ho hmyzu byla vp\u0159ed a to co nejrychleji.<\/p>\n\n\n\n<p>Vysok\u00e9 tempo mi pak vydr\u017eelo po cel\u00fd den. Prvn\u00ed p\u016flku trasy jsem urazil zhruba za t\u0159i hodiny. Zde jsem potkal svou pr\u016fvodkyni Elizabeth, je\u017e \u0161la n\u011bmeckou \u010d\u00e1st <strong>Svatojakubsk\u00e9 pouti<\/strong>. Ke sv\u00e9 trase na\u0161t\u011bst\u00ed m\u011bla kni\u017en\u00edho pr\u016fvodce, je\u017e n\u00e1s oba zachr\u00e1nil, jeliko\u017e trasa vedla p\u0159es dlouh\u00e9 nezna\u010den\u00e9 \u00faseky. P\u0159ed Regensburgem jsme nav\u0161t\u00edvili klasicistn\u00ed pomn\u00edk v\u011bnovan\u00fd n\u011bmeck\u00fdm osobnostem <strong>Walhalla<\/strong>.<\/p>\n\n\n\n<p><strong>Regensburg (\u0158ezno)<\/strong><\/p>\n\n\n\n<p>Noc jsem str\u00e1vil v&nbsp;nejlevn\u011bj\u0161\u00edm ubytov\u00e1n\u00ed ve m\u011bst\u011b v&nbsp;ml\u00e1de\u017enick\u00e9 ubytovn\u011b (n\u011bco na zp\u016fsob intern\u00e1tu). Souputnice m\u011bla dlouh\u00e9 cesty dost, a tak si cestu r\u00e1no zkr\u00e1tila vlakem. R\u00e1no jsem si pro\u0161el star\u00e9 centrum \u0158ezna, kter\u00e9 je opravdu kr\u00e1sn\u00e9 se spoustou \u00fazk\u00fdch uli\u010dek a malebn\u00fdch z\u00e1kout\u00ed.<\/p>\n\n\n\n<p>Hor\u0161\u00ed v\u0161ak bylo nel\u00e9zt cestu d\u00e1l, proto\u017ee p\u0159es \u0158ezno vedl zat\u00edm nejh\u016f\u0159e zna\u010den\u00fd \u00fasek trasy. Zna\u010dky jsou daleko od sebe, n\u011bkter\u00e9 p\u0159elepen\u00e9 reklamou, jin\u00e9 pozot\u00e1\u010den\u00e9 a m\u00edstn\u00ed ani netu\u0161\u00ed, kudy by cesta m\u011bla v\u00e9st. Navigace mi nefungovala a tak mi pr\u016fchod centrem trval p\u0159es dv\u011b hodiny. <\/p>\n\n\n\n<p>Nakonec jsem se ale vymotal. \u201eD\u00e1l u\u017e bude klid,\u201c \u0159\u00edk\u00e1m si. Ale ouvej, kom\u00e1\u0159\u00ed doprovod op\u011bt nastoupil. Cesta vede st\u00e1le pod\u00e9l rozvodn\u011bn\u00e9ho <strong>Dunaje<\/strong>, jeho\u017e laguny kom\u00e1r\u016fm velmi sv\u011bd\u010d\u00ed. Vysok\u00e9 tempo z\u00a0p\u0159edchoz\u00edho dne jsem s\u00a0p\u0159ib\u00fdvaj\u00edc\u00edmi kom\u00e1ry je\u0161t\u011b zv\u00fd\u0161il.<\/p>\n\n\n\n<p><strong>Vy\u010derp\u00e1n\u00ed je jen stav mysli<\/strong><\/p>\n\n\n\n<p>Z&nbsp;p\u0159edchoz\u00edch dn\u016f jsem byl ji\u017e zna\u010dn\u011b vy\u010derpan\u00fd a m\u011bl otla\u010den\u00e9 nohy. Rychlost a vytrvalost s&nbsp;jakou jsem ut\u00edkal p\u0159ed mraky dot\u011brn\u00e9ho hmyzu, ale p\u0159ekvapila i m\u011b samotn\u00e9ho. C\u00edl byl jasn\u00fd: p\u0159e\u017e\u00edt. Zvolil jsem proto taktiku \u00faprk\/rychloch\u016fze a to bez p\u0159est\u00e1vek, je\u017e zkr\u00e1tka nebyly mo\u017en\u00e9. Byl jsem rychl\u00fd, ale z\u0159ejm\u011b ne dost. Z&nbsp;lesa jsem nakonec vyb\u011bhl obalen\u00fd \u010derven\u00fdmi fleky od \u0161t\u00edpanc\u016f a \u010dern\u00fdmi od zabit\u00fdch kom\u00e1r\u016f.<\/p>\n\n\n\n<p>K&nbsp;ve\u010deru jsem dob\u011bhl do <strong>Kelheimu<\/strong>, je\u017e je v\u00fdchoz\u00edm turistick\u00fdm bodem k&nbsp;atrakc\u00edm v&nbsp;okol\u00ed. Z&nbsp;nemo\u017enosti j\u00edt d\u00e1l ani cokoli po\u0159\u00e1dn\u011b hledat jsem se ubytoval se v&nbsp;prvn\u00edm penzionu cestou. Bohu\u017eel docela p\u0159edra\u017een\u00e9m. D\u00e1l u\u017e jsem ale nemohl. Prvn\u00ed pl\u00e1n na&nbsp;r\u00e1no tak byl n\u00e1kup repelentu.<\/p>\n\n\n\n<p>\u010ct\u011bte d\u00e1l:<br><a href=\"http:\/\/jindrichsmitka.cz\/2016\/06\/20\/setkani-s-kanetem-a-osli-karavana\/\">Setk\u00e1n\u00ed s k\u00e1n\u011btem a osl\u00ed karavana<\/a><\/p>\n\n\n\n<p>\u2014\u2014\u2014\u2014\u2014\u2014\u2014\u2014\u2014\u2013<\/p>\n\n\n\n<p><strong>Aktualizov\u00e1no<\/strong>&nbsp;v roce 2020: S odstupem \u010dasu se nyn\u00ed m\u016f\u017eete rovnou pod\u00edvat na v\u00fdsledek<strong> Svatojakubsk\u00e9 poutn\u00ed cesty<\/strong> aneb jak a kudy jsem dorazil do <strong>Santiaga de Compostela<\/strong>&nbsp;<a href=\"https:\/\/www.jindrichsmitka.cz\/2017\/06\/08\/kudy-z-cech-do-santiaga-de-compostela\/\">(\u010dt\u011bte v\u00edce zde)<\/a>. Co jsem s sebou nesl za&nbsp;<strong>vybaven\u00ed<\/strong>&nbsp;<a href=\"https:\/\/www.jindrichsmitka.cz\/2017\/05\/31\/santiago-de-compostela-vybaveni-na-tisice-kilometru-dlouhou-pesi-pout\/\">(\u010dt\u011bte v\u00edce zde)<\/a>&nbsp;a p\u0159\u00edpadn\u011b se m\u016f\u017eete pod\u00edvat na video z\u00e1znam besedy z t\u00e9to \u017eivotn\u00ed p\u011b\u0161\u00ed pouti&nbsp;<a href=\"https:\/\/www.jindrichsmitka.cz\/produkt\/videobeseda-3-000-kilometru-pesky-do-santiaga-de-compostela\/\">(\u010dt\u011bte v\u00edce zde)<\/a>.<\/p>\n","protected":false},"excerpt":{"rendered":"<p>Do Regensburgu jsem dob\u011bhl s mrakem kom\u00e1r\u016f v z\u00e1dech. Ve m\u011bst\u011b se ztratil kv\u016fli \u0161patn\u00e9mu zna\u010den\u00ed, ale nakonec na\u0161el spr\u00e1vn\u00fd sm\u011br. Op\u011bt do dlouh\u00e9ho lesn\u00edho pochodu pln\u00e9ho kom\u00e1r\u016f.<\/p>\n","protected":false},"author":2,"featured_media":123,"comment_status":"open","ping_status":"open","sticky":false,"template":"","format":"standard","meta":{"_jetpack_memberships_contains_paid_content":false,"footnotes":""},"categories":[31,6],"tags":[3,9,21,36,37,10,11,7,34],"class_list":["post-122","post","type-post","status-publish","format-standard","has-post-thumbnail","hentry","category-santiago-nemecko","category-santiago-de-compostela","tag-camino-de-santiago","tag-pout","tag-putovani","tag-regensburg","tag-rezno","tag-santiago-de-compostela","tag-svatojakubska-cesta","tag-svatojakubska-pout","tag-vychodobavorska-trasa"],"aioseo_notices":[],"jetpack_featured_media_url":"https:\/\/www.jindrichsmitka.cz\/wp-content\/uploads\/2016\/06\/IMAG0591-scaled.jpg","jetpack_sharing_enabled":true,"_links":{"self":[{"href":"https:\/\/www.jindrichsmitka.cz\/index.php\/wp-json\/wp\/v2\/posts\/122","targetHints":{"allow":["GET"]}}],"collection":[{"href":"https:\/\/www.jindrichsmitka.cz\/index.php\/wp-json\/wp\/v2\/posts"}],"about":[{"href":"https:\/\/www.jindrichsmitka.cz\/index.php\/wp-json\/wp\/v2\/types\/post"}],"author":[{"embeddable":true,"href":"https:\/\/www.jindrichsmitka.cz\/index.php\/wp-json\/wp\/v2\/users\/2"}],"replies":[{"embeddable":true,"href":"https:\/\/www.jindrichsmitka.cz\/index.php\/wp-json\/wp\/v2\/comments?post=122"}],"version-history":[{"count":0,"href":"https:\/\/www.jindrichsmitka.cz\/index.php\/wp-json\/wp\/v2\/posts\/122\/revisions"}],"wp:featuredmedia":[{"embeddable":true,"href":"https:\/\/www.jindrichsmitka.cz\/index.php\/wp-json\/wp\/v2\/media\/123"}],"wp:attachment":[{"href":"https:\/\/www.jindrichsmitka.cz\/index.php\/wp-json\/wp\/v2\/media?parent=122"}],"wp:term":[{"taxonomy":"category","embeddable":true,"href":"https:\/\/www.jindrichsmitka.cz\/index.php\/wp-json\/wp\/v2\/categories?post=122"},{"taxonomy":"post_tag","embeddable":true,"href":"https:\/\/www.jindrichsmitka.cz\/index.php\/wp-json\/wp\/v2\/tags?post=122"}],"curies":[{"name":"wp","href":"https:\/\/api.w.org\/{rel}","templated":true}]}}