{"id":1338,"date":"2018-07-02T08:20:39","date_gmt":"2018-07-02T06:20:39","guid":{"rendered":"http:\/\/jindrichsmitka.cz\/?p=1338"},"modified":"2018-07-02T08:20:39","modified_gmt":"2018-07-02T06:20:39","slug":"camino-portugues-pobrezni-trasa-a-variante-espiritual","status":"publish","type":"post","link":"https:\/\/www.jindrichsmitka.cz\/index.php\/2018\/07\/02\/camino-portugues-pobrezni-trasa-a-variante-espiritual\/","title":{"rendered":"Camino Portugu\u00e9s: pob\u0159e\u017en\u00ed trasa a variante Espiritual"},"content":{"rendered":"<p><strong>I p\u0159esto, \u017ee v\u011bt\u0161ina Svatojakubsk\u00fdch poutn\u00edk\u016f na Portugalsk\u00e9 cest\u011b z Porta do Santiaga de Compostela vol\u00ed vnitrozemn\u00ed trasu Central, tak si pozornost ur\u010dit\u011b zaslou\u017e\u00ed tak\u00e9 m\u00e9n\u011b vyt\u00ed\u017een\u00e1 pob\u0159e\u017en\u00ed trasa Camino Portug\u00e9s da Costa. Lze pak pokra\u010dovat variantou Espiritual, je\u017e n\u00e1sleduje skute\u010dnou pou\u0165 ostatk\u016f Svat\u00e9ho Jakuba. <\/strong><\/p>\n<p>V l\u00e9t\u011b 2018 absolvovala svou <a href=\"https:\/\/cs.wikipedia.org\/wiki\/Svatojakubsk%C3%A1_cesta\"><strong>Svatojakubskou pou\u0165<\/strong><\/a> a <strong>cestu<\/strong> do \u0161pan\u011blsk\u00e9ho m\u011bsta <a href=\"https:\/\/cs.wikipedia.org\/wiki\/Santiago_de_Compostela\"><strong>Santiago de Compostela<\/strong><\/a>\u00a0tak\u00e9 m\u00e1 p\u0159\u00edtelkyn\u011b Milena a rozhodla se obohatit dal\u0161\u00ed poutn\u00edky o sv\u00e9 zku\u0161enosti s <strong>Camino Portugu\u00e9s<\/strong> a jej\u00ed pob\u0159e\u017en\u00ed portugalskou trasou <strong>da\u00a0Costa<\/strong> a variantou <strong>Espiritual<\/strong>. Mapu jej\u00ed cesty s vyzna\u010den\u00fdmi body si prohl\u00e9dn\u011bte n\u00ed\u017ee. Vyzna\u010den\u00e9 body jsou <strong>Albergue<\/strong> &#8211; modr\u00e9 a zaj\u00edmavosti &#8211; \u017elut\u00e9. U bod\u016f jsou uveden\u00e9 i sou\u010dasn\u00e9 ceny.<\/p>\n<p><iframe loading=\"lazy\" src=\"https:\/\/www.google.com\/maps\/d\/embed?mid=12aODUU2HqM2QKrgcES9EeTi7zbJFyq7-\" width=\"640\" height=\"480\"><\/iframe><\/p>\n<p><strong>Informace o trase Svatojakubsk\u00e9 cesty v Portugalsku<\/strong><\/p>\n<p>Podle Mileny je pob\u0159e\u017en\u00ed trasa <strong>Svatojakubsk\u00e9 cesty<\/strong> v <strong>Portugalsku<\/strong> ide\u00e1ln\u00ed pro \u010desk\u00e9 poutn\u00edky, kte\u0159\u00ed maj\u00ed na pou\u0165 pouze omezen\u00fd \u010das. Je to pom\u011brn\u011b kr\u00e1tk\u00e1 <strong>trasa<\/strong> v\u00a0d\u00e9lce cca 280 kilometr\u016f, kterou lze uj\u00edt za dva t\u00fddny. Poutn\u00edk si m\u016f\u017ee u\u017e\u00edvat kr\u00e1sn\u00fdch v\u00fdhled\u016f na oce\u00e1n a p\u0159i dobr\u00e9m po\u010das\u00ed se i vykoupat v\u00a0mo\u0159i.<\/p>\n<p>V\u00fdhodou je pom\u011brn\u011b nov\u011b z\u0159\u00edzen\u00e1 s\u00ed\u0165 albergues, kter\u00e1 jsou v dobr\u00e9m stavu. Obvykle jsou ve\u0159ejn\u00e1 albergue od sebe vzd\u00e1lena cca 20 km, tedy zhruba na vzd\u00e1lenost denn\u00edho pochodu. B\u011b\u017en\u00e1 cena za noc tu vyjde na 6 eur. Trasa v\u0161ak disponuje i \u0161irokou s\u00edt\u00ed soukrom\u00fdch ubytoven s cenami mezi 10-20 eur.<br \/>\n<script async=\"\" src=\"\/\/pagead2.googlesyndication.com\/pagead\/js\/adsbygoogle.js\"><\/script><br \/>\n<!-- Automatick\u00e1 velikost reklamy --><br \/>\n<ins class=\"adsbygoogle\" style=\"display: block;\" data-ad-client=\"ca-pub-9221645303649413\" data-ad-slot=\"8661693083\" data-ad-format=\"auto\" data-full-width-responsive=\"true\"><\/ins><br \/>\n<script><br \/>\n(adsbygoogle = window.adsbygoogle || []).push({});<br \/>\n<\/script><\/p>\n<p><strong>Na start Portugalsk\u00e9 cesty v Portu metrem<\/strong><\/p>\n<p>Ve srovn\u00e1n\u00ed s <strong>Portugalskou trasou<\/strong> <strong>Central<\/strong> chod\u00ed pod\u00e9l pob\u0159e\u017e\u00ed po <strong>Caminho Portugu\u00e9s da Costa<\/strong> kv\u016fli nedostatku informac\u00ed ohledn\u011b zna\u010den\u00ed a ubytoven zat\u00edm pom\u011brn\u011b m\u00e1lo poutn\u00edk\u016f. Tuto poutn\u00ed variantu cesty je mo\u017en\u00e9 za\u010d\u00edt po p\u0159\u00edletu do m\u011bsta <strong>Porto<\/strong> v m\u00edst\u011b\u00a0<strong>Matosinhos<\/strong>, kam lze tak\u00e9 dojet metrem.<\/p>\n<p><strong>Trasa<\/strong> od <a href=\"https:\/\/cs.qwe.wiki\/wiki\/Porto_Cathedral\">katedr\u00e1ly v Portu<\/a> je zna\u010den\u00e1 pouze pro variantu Central a zna\u010den\u00ed pro pob\u0159e\u017en\u00ed trasu proto za\u010d\u00edn\u00e1 a\u017e v Matosinhos. Na tuto trasu je v\u0161ak mo\u017en\u00e9 doj\u00edt od katedr\u00e1ly tak\u00e9 p\u011b\u0161ky s pomoc\u00ed slu\u017eby mapy.cz. Z Matosinhos je d\u00e1l u\u017e cesta velmi dob\u0159e zna\u010den\u00e1.<\/p>\n<p>P\u0159i hled\u00e1n\u00ed map lze tak\u00e9 pou\u017e\u00edt slu\u017ebu mapy.cz, kde jsou poutn\u00ed trasy do Santiaga de Compostela velmi dob\u0159e zna\u010den\u00e9 pro nejr\u016fzn\u011bj\u0161\u00ed varianty.<\/p>\n<p>Pokud si nejste jisti, zda j\u00edt p\u0159\u00edb\u0159e\u017en\u00ed cestou \u010di centr\u00e1ln\u00ed trasu, tak je v\u00a0n\u011bkolika bodech mo\u017en\u00e9 trasu zm\u011bnit. Konkr\u00e9tn\u011b mezi <strong>Esposende<\/strong> a <strong>Barcelos<\/strong> jezd\u00ed autobus a pak p\u011b\u0161ky mezi <strong>Caminha<\/strong> a <strong>Valenca<\/strong>. D\u00e1le se pak poutn\u00edk m\u016f\u017ee ve m\u011bst\u011b <strong>Pontevedra<\/strong> rozhodnout zda bude pokra\u010dovat po <strong>Camino Portugu\u00e9s Central<\/strong> nebo odbo\u010d\u00ed na variantu <strong>Espiritual<\/strong>.<\/p>\n<p>Tip: Inspiraci a tipy ohledn\u011b vybaven\u00ed na pou\u0165 <a href=\"http:\/\/jindrichsmitka.cz\/2018\/06\/07\/vybaveni-na-camino-de-santiago\/\">naleznete (zde)<\/a>.<\/p>\n<p><strong>Variante Espiritual<\/strong><\/p>\n<p>Dva kilometry za Pontevedrou je dob\u0159e zna\u010den\u00e9 rozcest\u00ed, kde m\u016f\u017ee poutn\u00edk odbo\u010dit z\u00a0b\u011b\u017en\u00e9 trasy a vydat se po <strong>variante Espiritual<\/strong>. Je to trasa, kter\u00e1 m\u00e1 n\u00e1sledovat p\u016fvodn\u00ed cestu, po kter\u00e9 byly \u00fadajn\u011b p\u0159ev\u00e1\u017eeny ostatky <a href=\"https:\/\/cs.wikipedia.org\/wiki\/Jakub_Star%C5%A1%C3%AD\"><strong>svat\u00e9ho Jakuba star\u0161\u00edho<\/strong><\/a> do kaple, kter\u00e1 st\u00e1vala v m\u00edst\u011b dne\u0161n\u00ed katedr\u00e1ly v <strong>Santiago de Compostela<\/strong>.<br \/>\n<script async=\"\" src=\"\/\/pagead2.googlesyndication.com\/pagead\/js\/adsbygoogle.js\"><\/script><br \/>\n<!-- Automatick\u00e1 velikost reklamy --><br \/>\n<ins class=\"adsbygoogle\" style=\"display: block;\" data-ad-client=\"ca-pub-9221645303649413\" data-ad-slot=\"8661693083\" data-ad-format=\"auto\" data-full-width-responsive=\"true\"><\/ins><br \/>\n<script><br \/>\n(adsbygoogle = window.adsbygoogle || []).push({});<br \/>\n<\/script><\/p>\n<p>Jedn\u00e1 se o t\u0159\u00eddenn\u00ed, dob\u0159e zna\u010denou trasu. Na cest\u011b jsou ve\u0159ejn\u00e1 albergue pro ka\u017ed\u00fd den cesty, kter\u00e1 jsou tak\u00e9 sp\u00ed\u0161 nov\u00e1.<\/p>\n<p>V\u00a0m\u00edst\u011b mezi <strong>Vilanova de Arousa<\/strong> a <strong>Pontecesures<\/strong> pokra\u010duje trasa po vod\u011b lod\u00ed. Je to komentovan\u00e1 plavba s d\u00e9lkou\u00a0trv\u00e1n\u00ed cca hodinu, s cenou 19 eur <a href=\"https:\/\/www.labarcadelperegrino.com\/home.html\">(v\u00edce zde)<\/a>. Tato \u010d\u00e1st cesty po vod\u011b je v\u0161ak uzn\u00e1na pro obdr\u017een\u00ed Compostely jako ned\u00edln\u00e1 sou\u010d\u00e1st trasy (i p\u0159esto\u017ee se nach\u00e1z\u00ed na posledn\u00edch 100 kilometrech nutn\u00fdch pro jej\u00ed z\u00edsk\u00e1n\u00ed).<\/p>\n<p>Je zde v\u0161ak mo\u017enost j\u00edt tento \u00fasek p\u011b\u0161ky. P\u0159esto\u017ee p\u011b\u0161\u00ed trasa zde nen\u00ed dob\u0159e zna\u010den\u00e1, je mo\u017en\u00e9 ji dohledat na mapy.cz, p\u0159i vyzna\u010den\u00ed pr\u016fchoz\u00edch bod\u016f Vilanova de Arousa, <strong>Vilagarc\u00eda<\/strong> de <strong>Arousa<\/strong>, <strong>Carril<\/strong>, <strong>Bamio<\/strong>, <strong>Abalo<\/strong> a <strong>O Forno<\/strong>.<\/p>\n<p><strong>Videobeseda o 3000 Km dlouh\u00e9 Svatojakubsk\u00e9 pouti z \u010cech do Santiaga<\/strong><\/p>\n<p>O tom jak\u00e9 to je putovat p\u011b\u0161ky po <strong>Svatojakubsk\u00e9 cest\u011b<\/strong> 3 000 Km z \u010cech a\u017e do Santiaga de Compostela se m\u016f\u017eete dozv\u011bd\u011bt v\u00edce z videobesedy p\u0159ipraven\u00e9 na z\u00e1klad\u011b zku\u0161enost\u00ed, z\u00e1\u017eitk\u016f, poznatk\u016f a informac\u00ed autora blogu, kter\u00e9 p\u0159i sv\u00e9 osobn\u00ed pouti nasb\u00edral.<\/p>\n<p>S touto besedou tak\u00e9 projel p\u0159edn\u00e1\u0161kov\u00e9 s\u00e1ly po cel\u00e9 \u010cesk\u00e9 republice a nyn\u00ed je V\u00e1m tato beseda k dispozici tak\u00e9 ve video form\u011b <a href=\"https:\/\/www.jindrichsmitka.cz\/produkt\/videobeseda-3-000-kilometru-pesky-do-santiaga-de-compostela\/\">(\u010dt\u011bte v\u00edce zde)<\/a>.<\/p>\n<p><strong>Santiago de Compostela<\/strong><\/p>\n<p>Po p\u0159\u00edchodu ke katedr\u00e1le v Santiagu de Compostela se m\u016f\u017ee poutn\u00edk s \u010derstv\u011b obdr\u017eenou Compostelou neboli dokladem o vykonan\u00e9 pouti po t\u0159i dny od jej\u00edho obdr\u017een\u00ed nechat pohostit p\u0159\u00edmo v hotelu Parador na n\u00e1m\u011bst\u00ed p\u0159ed katedr\u00e1lou. Hotel nab\u00edz\u00ed 3x denn\u011b j\u00eddlo deseti poutn\u00edk\u016fm. Je v\u0161ak t\u0159eba po\u010dkat u pr\u016fchodu vedle sva\u017euj\u00edc\u00ed se cesty, je\u017e vede z n\u00e1m\u011bst\u00ed dol\u016f k poutn\u00ed kancel\u00e1\u0159i. Obvykle tam b\u00fdv\u00e1 n\u00e1val a je t\u0159eba p\u0159ij\u00edt cca 30-60 minut p\u0159edem.<\/p>\n<p>Po zakon\u010den\u00ed cesty mnohoz\u00ed poutn\u00edci jist\u011b zam\u00ed\u0159\u00ed rovnou na leti\u0161t\u011b, kam se lze dostat ze zast\u00e1vky na Plaza de Galicia nebo nap\u0159\u00edklad od zast\u00e1vky u albergue San L\u00e1zaro (vzd\u00e1leno 3 km od centra a noc zde stoj\u00ed 10 eur). Cesta na leti\u0161t\u011b stoj\u00ed cca 3 eura. V\u00fdhodnou letenku a\u0165 u\u017e do Porta nebo zp\u011bt ze Santiaga <a href=\"https:\/\/www.awin1.com\/cread.php?awinmid=6682&amp;awinaffid=318405&amp;clickref=je+mo%C5%BEn%C3%A9+naj%C3%ADt+na+kiwi.com+%28zde%29&amp;p=https%3A%2F%2Fwww.kiwi.com%2Fcz%2F\">je mo\u017en\u00e9 naj\u00edt na kiwi.com (zde)<\/a>.<\/p>\n<p>Milena \u0161la svou pou\u0165 se \u017elut\u00fdm\u00a0\u010desk\u00fdm Credenci\u00e1lem zakoupen\u00fdm v\u00a0Klubu \u010desk\u00fdch turist\u016f a bez pot\u00ed\u017e\u00ed obdr\u017eela Compostelu. Dal\u0161\u00edm poutn\u00edk\u016fm p\u0159eje mnoho \u0161t\u011bst\u00ed a Buen Camino.<\/p>\n<p><a href=\"http:\/\/jindrichsmitka.cz\/2017\/05\/31\/santiago-de-compostela-vybaveni-na-tisice-kilometru-dlouhou-pesi-pout\/\">V\u00fdbavu, kterou s sebou nesl na Svatojakubsk\u00e9 pouti z \u010cech do Santi\u00e1ga de Compostela autor blogu naleznete (zde)<\/a>.<\/p>\n","protected":false},"excerpt":{"rendered":"<p>I p\u0159esto, \u017ee v\u011bt\u0161ina poutn\u00edk\u016f na cest\u011b z Porta do Santiaga de Compostela vol\u00ed vnitrozemn\u00ed trasu Central, tak si pozornost ur\u010dit\u011b zaslou\u017e\u00ed tak\u00e9 m\u00e9n\u011b vyt\u00ed\u017een\u00e1 pob\u0159e\u017en\u00ed trasa Camino Portug\u00e9s da Coasta. Lze pak pokra\u010dovat variantou Espiritual, je\u017e n\u00e1sleduje skute\u010dnou pou\u0165 ostatk\u016f Svat\u00e9ho Jakuba. <\/p>\n","protected":false},"author":2,"featured_media":1339,"comment_status":"closed","ping_status":"open","sticky":false,"template":"","format":"standard","meta":{"_jetpack_memberships_contains_paid_content":false,"footnotes":""},"categories":[6],"tags":[427,428,202,429,430,138,13,14,206,20,431,143,140,9,432,21,10,433,434,7,435,436,209,437,438],"class_list":{"0":"post-1338","1":"post","2":"type-post","3":"status-publish","4":"format-standard","5":"has-post-thumbnail","6":"hentry","7":"category-santiago-de-compostela","8":"tag-albergue","9":"tag-caminho","10":"tag-camino","11":"tag-camino-central","12":"tag-camino-da-costa","13":"tag-camino-portugues","14":"tag-cesta","15":"tag-cestovani","16":"tag-mapa","17":"tag-nocleh","18":"tag-pobrezni-trasa","19":"tag-porto","20":"tag-portugalsko","21":"tag-pout","22":"tag-poutni-ubytovny","23":"tag-putovani","24":"tag-santiago-de-compostela","26":"tag-stezka","27":"tag-svatojakubska-pout","28":"tag-svatojakubska-trasa","29":"tag-svatojskubka-cesta","30":"tag-trasa","31":"tag-ubytovny","32":"tag-variante-espiritual"},"aioseo_notices":[],"jetpack_featured_media_url":"https:\/\/www.jindrichsmitka.cz\/wp-content\/uploads\/2018\/07\/1-172096396.jpg","jetpack_sharing_enabled":true,"_links":{"self":[{"href":"https:\/\/www.jindrichsmitka.cz\/index.php\/wp-json\/wp\/v2\/posts\/1338","targetHints":{"allow":["GET"]}}],"collection":[{"href":"https:\/\/www.jindrichsmitka.cz\/index.php\/wp-json\/wp\/v2\/posts"}],"about":[{"href":"https:\/\/www.jindrichsmitka.cz\/index.php\/wp-json\/wp\/v2\/types\/post"}],"author":[{"embeddable":true,"href":"https:\/\/www.jindrichsmitka.cz\/index.php\/wp-json\/wp\/v2\/users\/2"}],"replies":[{"embeddable":true,"href":"https:\/\/www.jindrichsmitka.cz\/index.php\/wp-json\/wp\/v2\/comments?post=1338"}],"version-history":[{"count":0,"href":"https:\/\/www.jindrichsmitka.cz\/index.php\/wp-json\/wp\/v2\/posts\/1338\/revisions"}],"wp:featuredmedia":[{"embeddable":true,"href":"https:\/\/www.jindrichsmitka.cz\/index.php\/wp-json\/wp\/v2\/media\/1339"}],"wp:attachment":[{"href":"https:\/\/www.jindrichsmitka.cz\/index.php\/wp-json\/wp\/v2\/media?parent=1338"}],"wp:term":[{"taxonomy":"category","embeddable":true,"href":"https:\/\/www.jindrichsmitka.cz\/index.php\/wp-json\/wp\/v2\/categories?post=1338"},{"taxonomy":"post_tag","embeddable":true,"href":"https:\/\/www.jindrichsmitka.cz\/index.php\/wp-json\/wp\/v2\/tags?post=1338"}],"curies":[{"name":"wp","href":"https:\/\/api.w.org\/{rel}","templated":true}]}}