{"id":2528,"date":"2020-01-18T08:34:19","date_gmt":"2020-01-18T07:34:19","guid":{"rendered":"https:\/\/www.jindrichsmitka.cz\/?p=2528"},"modified":"2020-01-18T08:34:19","modified_gmt":"2020-01-18T07:34:19","slug":"folklorni-velikonocni-akce-na-mlyne","status":"publish","type":"post","link":"https:\/\/www.jindrichsmitka.cz\/index.php\/2020\/01\/18\/folklorni-velikonocni-akce-na-mlyne\/","title":{"rendered":"Folklorn\u00ed velikono\u010dn\u00ed akce na ml\u00fdn\u011b"},"content":{"rendered":"\n<p><strong>Folklorn\u00ed\nvelikono\u010dn\u00ed akce se zah\u00e1jen\u00edm provozu voskov\u00e9 d\u00edlny <\/strong><strong>prob\u011bhne\n4. 4. 2020<\/strong><strong>. <\/strong><strong>Nov\u00fd<\/strong><strong> \u017eivot na star\u00fd ml\u00fdn se\nzaj\u00edmav\u00fdm programem a histori\u00ed m\u00edsta <\/strong><strong>v p\u0159\u00edjemn\u00e9m\nprost\u0159ed\u00ed.<\/strong><\/p>\n\n\n\n<p>Jako dal\u0161\u00ed z \u0159ady kroku v realizaci vize nez\u00e1vislosti a udr\u017eitelnosti <a href=\"https:\/\/www.jindrichsmitka.cz\/2019\/04\/27\/cesta-na-venkov-vize-nezavislosti-a-udrzitelnosti%EF%BB%BF\/\">(psal jsem zde)<\/a>, m\u00e1me v pl\u00e1nu uspo\u0159\u00e1dat vlastn\u00ed <strong>folkl\u00f3rn\u00ed akci<\/strong> v prostor\u00e1ch rodinn\u00e9ho b\u00fdval\u00e9ho <strong>vodn\u00edho ml\u00fdna<\/strong> v Horn\u00ed L\u00ed\u0161nici nedaleko od P\u0159\u00edbrami. P\u0159edpokl\u00e1dan\u00e9 datum ud\u00e1losti je pl\u00e1novan\u00e9 na sobotu 4. 4. 2020.  <\/p>\n\n\n\n<p><strong>Jak\u00fd bude\nprogram<\/strong><\/p>\n\n\n\n<p>P\u0159edb\u011b\u017en\u00e1 verze programu po\u010d\u00edt\u00e1 s <strong>d\u00edlni\u010dkami pro d\u011bti<\/strong>, kter\u00e9 budou zahrnovat jak na\u0161\u00ed <strong>sv\u00ed\u010dkovou d\u00edlnu<\/strong>, tak ur\u010dit\u011b <strong>malov\u00e1n\u00ed vaj\u00ed\u010dek<\/strong> v\u010del\u00edm voskem a <strong>pleten\u00ed poml\u00e1zky<\/strong>.  <\/p>\n\n\n\n<figure class=\"wp-block-gallery alignleft columns-1 is-cropped wp-block-gallery-1 is-layout-flex wp-block-gallery-is-layout-flex\"><ul class=\"blocks-gallery-grid\"><li class=\"blocks-gallery-item\"><figure><img decoding=\"async\" src=\"https:\/\/www.jindrichsmitka.cz\/wp-content\/uploads\/2020\/01\/Kam\u00fd\u010dek-2-1024x768.jpg\" alt=\"Folk\u00f3r, tanec, lidov\u00fd kroj,\" data-id=\"2530\" class=\"wp-image-2530\"\/><figcaption class=\"blocks-gallery-item__caption\">Folkl\u00f3rn\u00ed soubor Kam\u00fd\u010dan, Kam\u00fd\u010dek<\/figcaption><\/figure><\/li><\/ul><\/figure>\n\n\n\n<p>Za dobr\u00e9ho po\u010das\u00ed m\u00e1me ji\u017e p\u0159edb\u011b\u017en\u011b domluven\u00e9 kr\u00e1tk\u00e9 <strong>vyj\u00ed\u017e\u010fky na kon\u00edch<\/strong>. Akci tak\u00e9 podle p\u0159edb\u011b\u017en\u00e9 domluvy poct\u00ed svou n\u00e1v\u0161t\u011bvou <strong>folkl\u00f3rn\u00ed soubor Kam\u00fd\u010dek<\/strong> <a href=\"https:\/\/kamycek.webnode.cz\/\">(v\u00edce o souboru zde)<\/a>, z nedalek\u00e9ho <strong>Kam\u00fdku na Vltavou<\/strong>.<\/p>\n\n\n\n<p>Pov\u00edd\u00e1n\u00ed o v\u010del\u00e1ch a pokud to bezpe\u010dnost a v\u010delky dovol\u00ed, tak i prohl\u00eddku <strong>historick\u00e9 v\u010delnice<\/strong>.  <\/p>\n\n\n\n<p>P\u0159ipravujeme pro\nn\u00e1v\u0161t\u011bvn\u00edky tak\u00e9 zna\u010den\u00e9 proch\u00e1zkov\u00e9 okruhy a bazar star\u00fdch\nknih, ze kter\u00fdch si ur\u010dit\u011b vyberete. Ur\u010dit\u011b se p\u0159itom vyplat\u00ed\nvych\u00e1zkov\u00e1 venkovn\u00ed obuv.<\/p>\n\n\n\n<p>Jedn\u00e1 se v tuto chv\u00edli o velmi p\u0159edb\u011b\u017en\u00fd <strong>program <\/strong>a jeho fin\u00e1ln\u00ed verzi budeme postupn\u011b up\u0159es\u0148ovat, fin\u00e1ln\u00ed bude nejpozd\u011bji za\u010d\u00e1tkem b\u0159ezna. U\u017e nyn\u00ed n\u00e1m v\u0161ak m\u016f\u017eete vyj\u00e1d\u0159it svou podporu a z\u00e1jem nap\u0159\u00edklad p\u0159es akci na Facebooku <a href=\"https:\/\/www.facebook.com\/events\/179470096500157\/\">(v\u00edce zde)<\/a>.<\/p>\n\n\n\n<p><strong>Sochorsk\u00fd ml\u00fdn<\/strong><\/p>\n\n\n\n<p>Sochorsk\u00fd vodn\u00ed\nml\u00fdn a pila poch\u00e1z\u00ed z konce 19. stolet\u00ed. M\u016fj prad\u011bda Josef\nSochor se na m\u00edsto s rodinou p\u0159ist\u011bhoval ve dvac\u00e1t\u00fdch letech\ndvac\u00e1t\u00e9ho stolet\u00ed. Brzy tak n\u00e1\u0161 rodinn\u00fd ml\u00fdn oslav\u00ed 100 let v\np\u00e9\u010di jedn\u00e9 rodiny. \n<\/p>\n\n\n\n<p>Ml\u00fdn le\u017e\u00ed v <strong>L\u00ed\u0161nick\u00e9m \u00fadol\u00ed<\/strong> na <strong>L\u00ed\u0161nick\u00e9m potoce<\/strong>. Lidov\u00e9 prost\u0159ed\u00ed, dochovan\u00e1 historie i zaj\u00edmav\u00e9 prostory v p\u0159\u00edjemn\u00e9 p\u0159\u00edrod\u011b tak p\u0159\u00edmo vyb\u00edzej\u00ed k po\u0159\u00e1d\u00e1n\u00ed lidov\u00fdch a kulturn\u00edch akc\u00ed.  <\/p>\n\n\n\n<p>Kr\u00e1tce o ml\u00fdn\u011b\npojedn\u00e1v\u00e1 tak\u00e9 port\u00e1l <a href=\"http:\/\/vodnimlyny.cz\/fr\/mlyny\/estates\/detail\/179-mlyn-v-horni-lisnici\">Vodn\u00ed\nml\u00fdny.cz<\/a>, jeho\u017e \u00fadaje pl\u00e1nuji je\u0161t\u011b doplnit a roz\u0161\u00ed\u0159it.<\/p>\n\n\n\n<p><strong>C\u00edle akce<\/strong><\/p>\n\n\n\n<p>C\u00edlem akce je\nuk\u00e1zat n\u00e1v\u0161t\u011bvn\u00edk\u016fm kr\u00e1sn\u00e9 \u00fadol\u00ed l\u00ed\u0161nick\u00e9ho potoka z\ntrochu jin\u00e9ho pohledu, ne\u017e jak ho doposud znaj\u00ed. Sezn\u00e1mit je s\nhistori\u00ed m\u00edsta, vl\u00edt nov\u00fd \u017eivot do star\u00fdch prostor b\u00fdval\u00e9ho\nml\u00fdna a dop\u0159\u00e1t n\u00e1v\u0161t\u011bvn\u00edk\u016fm nev\u0161edn\u00ed z\u00e1\u017eitek. Je to\nsou\u010d\u00e1st na\u0161\u00ed snahy jak d\u00e1vat star\u00fdm v\u011bcem nov\u00fd smysl <a href=\"https:\/\/www.jindrichsmitka.cz\/2019\/04\/27\/cesta-na-venkov-vize-nezavislosti-a-udrzitelnosti%EF%BB%BF\/\">(psal\njsem zde)<\/a>.<\/p>\n\n\n\n<p>Akce m\u00e1 tak\u00e9\nhlub\u0161\u00ed smysl v zah\u00e1jen\u00ed fungov\u00e1n\u00ed na\u0161\u00ed voskov\u00e9 a sv\u00ed\u010dkov\u00e9\nd\u00edlny krom\u011b putovn\u00edho st\u00e1nku <a href=\"https:\/\/www.jindrichsmitka.cz\/2019\/08\/14\/historicke-remeslne-trziste-na-hrade-tocnik\/\">(psal\njsem zde)<\/a>, tak\u00e9 v pevn\u00fdch prostor\u00e1ch ml\u00fdna. Je tak\u00e9 podn\u011btem\nk o\u010dist\u011b prostor ml\u00fdna a jeho dal\u0161\u00edmu rozvoji. V\u00fdt\u011b\u017eek akce\npak podpo\u0159\u00ed dal\u0161\u00ed obnovu ml\u00fdna. \n<\/p>\n\n\n\n<p><strong>V\u00fdzva<\/strong><\/p>\n\n\n\n<p>Na\u0161e v\u00fdzva tak nyn\u00ed spo\u010d\u00edv\u00e1 nejen v p\u0159ipraven\u00ed samotn\u00e9ho m\u00edsta <a href=\"https:\/\/www.jindrichsmitka.cz\/2020\/01\/11\/postup-hloubkove-materialni-ocisty\/\">(psal jsem zde)<\/a>, uspo\u0159\u00e1d\u00e1n\u00ed akce ale tak\u00e9 v zaji\u0161t\u011bn\u00ed v\u0161ech n\u00e1rok\u016f na uspo\u0159\u00e1d\u00e1n\u00ed takov\u00e9 ve\u0159ejn\u00e9 akce. U\u017e te\u010f se u\u010d\u00edme za pochodu a po\u0159\u00e1dn\u00fd kus cesty n\u00e1s je\u0161t\u011b \u010dek\u00e1.  <\/p>\n\n\n\n<p>Sledujte proto tento blog a <a href=\"https:\/\/www.facebook.com\/events\/179470096500157\/\">facebook akce (zde)<\/a> pro informace o aktu\u00e1ln\u00edm pokroku v po\u0159\u00e1dn\u00ed p\u0159ed-Velikonoc na ml\u00fdn\u011b.<\/p>\n","protected":false},"excerpt":{"rendered":"<p>Folklorn\u00ed velikono\u010dn\u00ed akce se zah\u00e1jen\u00edm provozu voskov\u00e9 d\u00edlny prob\u011bhne 4. 4. 2020. Nov\u00fd \u017eivot na star\u00fd ml\u00fdn se zaj\u00edmav\u00fdm programem a histori\u00ed m\u00edsta v p\u0159\u00edjemn\u00e9m prost\u0159ed\u00ed.<\/p>\n","protected":false},"author":2,"featured_media":2529,"comment_status":"closed","ping_status":"closed","sticky":false,"template":"","format":"standard","meta":{"_jetpack_memberships_contains_paid_content":false,"footnotes":""},"categories":[862],"tags":[1088,1089,1090,1091,1092,1093,1094,596,1024,1095,1096,1097,865,260,1098,1099,1100,938,1101,190,1102,1103,940,1104],"class_list":["post-2528","post","type-post","status-publish","format-standard","has-post-thumbnail","hentry","category-cesta-na-venkov","tag-akce","tag-dilnicky-pro-deti","tag-dolni-hbity","tag-folklor","tag-folklorni-akce","tag-horni-lisnice","tag-josef-sochor","tag-kroj","tag-lidova-zabava","tag-lisnicke-udoli","tag-lisnicky-potok","tag-malovani-vajicek","tag-mlyn","tag-program","tag-sochorsky-mlyn","tag-svickova-dilna","tag-udalost","tag-vceli-vosk","tag-vcelnice","tag-velikonoce","tag-vodni-mlyn","tag-voskova-dilna","tag-voskova-svicka","tag-vyjizdky-na-koni"],"aioseo_notices":[],"jetpack_featured_media_url":"https:\/\/www.jindrichsmitka.cz\/wp-content\/uploads\/2020\/01\/Vyroba-svicky-divka-v-kroji.jpg","jetpack_sharing_enabled":true,"_links":{"self":[{"href":"https:\/\/www.jindrichsmitka.cz\/index.php\/wp-json\/wp\/v2\/posts\/2528","targetHints":{"allow":["GET"]}}],"collection":[{"href":"https:\/\/www.jindrichsmitka.cz\/index.php\/wp-json\/wp\/v2\/posts"}],"about":[{"href":"https:\/\/www.jindrichsmitka.cz\/index.php\/wp-json\/wp\/v2\/types\/post"}],"author":[{"embeddable":true,"href":"https:\/\/www.jindrichsmitka.cz\/index.php\/wp-json\/wp\/v2\/users\/2"}],"replies":[{"embeddable":true,"href":"https:\/\/www.jindrichsmitka.cz\/index.php\/wp-json\/wp\/v2\/comments?post=2528"}],"version-history":[{"count":0,"href":"https:\/\/www.jindrichsmitka.cz\/index.php\/wp-json\/wp\/v2\/posts\/2528\/revisions"}],"wp:featuredmedia":[{"embeddable":true,"href":"https:\/\/www.jindrichsmitka.cz\/index.php\/wp-json\/wp\/v2\/media\/2529"}],"wp:attachment":[{"href":"https:\/\/www.jindrichsmitka.cz\/index.php\/wp-json\/wp\/v2\/media?parent=2528"}],"wp:term":[{"taxonomy":"category","embeddable":true,"href":"https:\/\/www.jindrichsmitka.cz\/index.php\/wp-json\/wp\/v2\/categories?post=2528"},{"taxonomy":"post_tag","embeddable":true,"href":"https:\/\/www.jindrichsmitka.cz\/index.php\/wp-json\/wp\/v2\/tags?post=2528"}],"curies":[{"name":"wp","href":"https:\/\/api.w.org\/{rel}","templated":true}]}}