{"id":26,"date":"2016-06-09T18:37:59","date_gmt":"2016-06-09T16:37:59","guid":{"rendered":"http:\/\/jindrichsmitka.cz\/?p=26"},"modified":"2016-06-09T18:37:59","modified_gmt":"2016-06-09T16:37:59","slug":"velky-presun-se-stastnym-koncem","status":"publish","type":"post","link":"https:\/\/www.jindrichsmitka.cz\/index.php\/2016\/06\/09\/velky-presun-se-stastnym-koncem\/","title":{"rendered":"Velk\u00fd pochod na Svatojakubsk\u00e9 pouti se \u0161\u0165astn\u00fdm koncem"},"content":{"rendered":"<p>Cestou z&nbsp;Ro\u017emit\u00e1lu jsem si u\u017eil <strong>T\u0159em\u0161\u00ednsk\u00fd p\u0159\u00edrodn\u00ed park<\/strong> se v\u0161\u00edm, co k&nbsp;n\u011bmu pat\u0159\u00ed. Sezn\u00e1mil jsem se s&nbsp;v\u00edt\u011bzem ankety strom roku 2006 \u2013 statnou starou l\u00edpou. U\u017eil si osv\u011b\u017een\u00ed u stud\u00e1nky, prohl\u00eddku nocle\u017enick\u00e9 pastou\u0161ky a v\u00fdstup na vrchol <strong>T\u0159em\u0161\u00edn<\/strong> s&nbsp;ruinou st\u0159edov\u011bk\u00e9 tvrze a kapli\u010dkou.<\/p>\n<figure id=\"attachment_27\" aria-describedby=\"caption-attachment-27\" style=\"width: 180px\" class=\"wp-caption alignnone\"><a href=\"https:\/\/www.jindrichsmitka.cz\/wp-content\/uploads\/2016\/06\/IMAG0155.jpg\"><img loading=\"lazy\" decoding=\"async\" class=\"wp-image-27 size-medium\" src=\"https:\/\/www.jindrichsmitka.cz\/wp-content\/uploads\/2016\/06\/IMAG0155-180x300.jpg\" alt=\"L\u00edpa za Ro\u017emit\u00e1lem\" width=\"180\" height=\"300\" srcset=\"https:\/\/www.jindrichsmitka.cz\/wp-content\/uploads\/2016\/06\/IMAG0155-180x300.jpg 180w, https:\/\/www.jindrichsmitka.cz\/wp-content\/uploads\/2016\/06\/IMAG0155-613x1024.jpg 613w, https:\/\/www.jindrichsmitka.cz\/wp-content\/uploads\/2016\/06\/IMAG0155-768x1283.jpg 768w, https:\/\/www.jindrichsmitka.cz\/wp-content\/uploads\/2016\/06\/IMAG0155-920x1536.jpg 920w, https:\/\/www.jindrichsmitka.cz\/wp-content\/uploads\/2016\/06\/IMAG0155-1226x2048.jpg 1226w, https:\/\/www.jindrichsmitka.cz\/wp-content\/uploads\/2016\/06\/IMAG0155-150x251.jpg 150w, https:\/\/www.jindrichsmitka.cz\/wp-content\/uploads\/2016\/06\/IMAG0155-300x501.jpg 300w, https:\/\/www.jindrichsmitka.cz\/wp-content\/uploads\/2016\/06\/IMAG0155-696x1162.jpg 696w, https:\/\/www.jindrichsmitka.cz\/wp-content\/uploads\/2016\/06\/IMAG0155-1068x1784.jpg 1068w, https:\/\/www.jindrichsmitka.cz\/wp-content\/uploads\/2016\/06\/IMAG0155-scaled.jpg 1533w\" sizes=\"auto, (max-width: 180px) 100vw, 180px\" \/><\/a><figcaption id=\"caption-attachment-27\" class=\"wp-caption-text\">Strom roku 2006<\/figcaption><\/figure>\n<figure id=\"attachment_28\" aria-describedby=\"caption-attachment-28\" style=\"width: 300px\" class=\"wp-caption alignnone\"><a href=\"https:\/\/www.jindrichsmitka.cz\/wp-content\/uploads\/2016\/06\/IMAG0190.jpg\"><img loading=\"lazy\" decoding=\"async\" class=\"wp-image-28 size-medium\" src=\"https:\/\/www.jindrichsmitka.cz\/wp-content\/uploads\/2016\/06\/IMAG0190-300x180.jpg\" alt=\"Stud\u00e1nka T\u0159em\u0161\u00edn\" width=\"300\" height=\"180\" srcset=\"https:\/\/www.jindrichsmitka.cz\/wp-content\/uploads\/2016\/06\/IMAG0190-300x180.jpg 300w, https:\/\/www.jindrichsmitka.cz\/wp-content\/uploads\/2016\/06\/IMAG0190-1024x613.jpg 1024w, https:\/\/www.jindrichsmitka.cz\/wp-content\/uploads\/2016\/06\/IMAG0190-768x460.jpg 768w, https:\/\/www.jindrichsmitka.cz\/wp-content\/uploads\/2016\/06\/IMAG0190-1536x920.jpg 1536w, https:\/\/www.jindrichsmitka.cz\/wp-content\/uploads\/2016\/06\/IMAG0190-2048x1226.jpg 2048w, https:\/\/www.jindrichsmitka.cz\/wp-content\/uploads\/2016\/06\/IMAG0190-150x90.jpg 150w, https:\/\/www.jindrichsmitka.cz\/wp-content\/uploads\/2016\/06\/IMAG0190-696x417.jpg 696w, https:\/\/www.jindrichsmitka.cz\/wp-content\/uploads\/2016\/06\/IMAG0190-1068x639.jpg 1068w, https:\/\/www.jindrichsmitka.cz\/wp-content\/uploads\/2016\/06\/IMAG0190-1920x1150.jpg 1920w\" sizes=\"auto, (max-width: 300px) 100vw, 300px\" \/><\/a><figcaption id=\"caption-attachment-28\" class=\"wp-caption-text\">Stud\u00e1nka pod T\u0159em\u0161\u00ednem<\/figcaption><\/figure>\n<figure id=\"attachment_31\" aria-describedby=\"caption-attachment-31\" style=\"width: 300px\" class=\"wp-caption alignnone\"><a href=\"https:\/\/www.jindrichsmitka.cz\/wp-content\/uploads\/2016\/06\/IMAG0196.jpg\"><img loading=\"lazy\" decoding=\"async\" class=\"wp-image-31 size-medium\" src=\"https:\/\/www.jindrichsmitka.cz\/wp-content\/uploads\/2016\/06\/IMAG0196-300x180.jpg\" alt=\"P\u0159esp\u00e1n\u00ed pod T\u0159em\u0161\u00ednem v b\u00fdval\u00e9 kapli\" width=\"300\" height=\"180\" srcset=\"https:\/\/www.jindrichsmitka.cz\/wp-content\/uploads\/2016\/06\/IMAG0196-300x180.jpg 300w, https:\/\/www.jindrichsmitka.cz\/wp-content\/uploads\/2016\/06\/IMAG0196-1024x613.jpg 1024w, https:\/\/www.jindrichsmitka.cz\/wp-content\/uploads\/2016\/06\/IMAG0196-768x460.jpg 768w, https:\/\/www.jindrichsmitka.cz\/wp-content\/uploads\/2016\/06\/IMAG0196-1536x920.jpg 1536w, https:\/\/www.jindrichsmitka.cz\/wp-content\/uploads\/2016\/06\/IMAG0196-2048x1226.jpg 2048w, https:\/\/www.jindrichsmitka.cz\/wp-content\/uploads\/2016\/06\/IMAG0196-150x90.jpg 150w, https:\/\/www.jindrichsmitka.cz\/wp-content\/uploads\/2016\/06\/IMAG0196-696x417.jpg 696w, https:\/\/www.jindrichsmitka.cz\/wp-content\/uploads\/2016\/06\/IMAG0196-1068x639.jpg 1068w, https:\/\/www.jindrichsmitka.cz\/wp-content\/uploads\/2016\/06\/IMAG0196-1920x1150.jpg 1920w\" sizes=\"auto, (max-width: 300px) 100vw, 300px\" \/><\/a><figcaption id=\"caption-attachment-31\" class=\"wp-caption-text\">Nocleh\u00e1rna pod vrchem T\u0159em\u0161\u00edn<\/figcaption><\/figure>\n<p>Ta prav\u00e1 bojovka v\u0161ak za\u010dala a\u017e v&nbsp;c\u00edlov\u00e9m m\u011bst\u011b <strong>Kasejovice<\/strong>. Podle pl\u00e1nu cesty navr\u017een\u00e9ho a vyzkou\u0161en\u00e9ho <a href=\"http:\/\/www.kct.cz\/cms\/\">\u010cesk\u00fdm klubem turist\u016f<\/a>, jsem m\u011bl zkusit kontaktovat m\u00edstn\u00edho far\u00e1\u0159e a zeptat se na mo\u017enost ubytov\u00e1n\u00ed. Na m\u00edst\u011b jsem v\u0161ak zastihl jen velmi nevrl\u00e9ho \u010dlov\u011bka, kter\u00e9ho m\u016fj dotaz na p\u0159esp\u00e1n\u00ed z\u0159ejm\u011b zna\u010dn\u011b roz\u010d\u00edlil a s&nbsp;ot\u00e1zkou: \u201ej\u00e1 nev\u00edm odkud sem v\u0161ichni chod\u00edte,\u201c mi ozn\u00e1mil, \u017ee na fa\u0159e rozhodn\u011b p\u0159espat nelze.<\/p>\n<p>Po n\u011bkolika dotazech na jin\u00e9 m\u00edstn\u00ed obyvatele vypadala situace je\u0161t\u011b beznad\u011bjn\u011bji a to tak, \u017ee v&nbsp;Kasejovic\u00edch \u017e\u00e1dn\u00e1 mo\u017enost noclehu nen\u00ed. Navrhli mi v\u0161ak zach\u00e1zku 2 km mimo m\u016fj sm\u011br do nejbli\u017e\u0161\u00edho hotelu. Rozhodl jsem se tedy p\u0159espat pod \u0161ir\u00e1kem n\u011bkde za v\u00edskou.<\/p>\n<p><strong>Za v\u0161\u00edm hledej \u017eenu<\/strong><\/p>\n<p>\u0158ekl jsem si v\u0161ak, \u017ee po tak dlouh\u00e9 cest\u011b si zaslou\u017e\u00edm alespo\u0148 po\u0159\u00e1dnou ve\u010de\u0159i a zam\u00ed\u0159il do m\u00edstn\u00ed p\u0159\u00edjemn\u011b vyhl\u00ed\u017eej\u00edc\u00ed pizzerie <strong>U Pejska a Ko\u010di\u010dky<\/strong>. Ve dve\u0159\u00edch jsem se st\u0159etl se sympatickou&nbsp;pan\u00ed, je\u017e mi vidouc objemn\u00fd batoh podr\u017eela dve\u0159e a k&nbsp;m\u00e9mu velk\u00e9mu p\u0159ekvapen\u00ed na nahodil\u00fd dotaz, zda by v\u011bd\u011bla o n\u011bjak\u00e9m noclehu, odpov\u011bd\u011bla pozitivn\u011b. U n\u00ed by se mo\u017en\u00e1 m\u00edsto na\u0161lo, jen je tam nepo\u0159\u00e1dek, musel bych sp\u00e1t na zemi a hluk z ulice je tak siln\u00fd, \u017ee tam ur\u010dit\u011b nikdo neusne.<\/p>\n<figure id=\"attachment_32\" aria-describedby=\"caption-attachment-32\" style=\"width: 180px\" class=\"wp-caption alignnone\"><a href=\"https:\/\/www.jindrichsmitka.cz\/wp-content\/uploads\/2016\/06\/IMAG0210.jpg\"><img loading=\"lazy\" decoding=\"async\" class=\"wp-image-32 size-medium\" src=\"https:\/\/www.jindrichsmitka.cz\/wp-content\/uploads\/2016\/06\/IMAG0210-180x300.jpg\" alt=\"P\u0159esp\u00e1n\u00ed v p\u0159\u00edjemn\u00e9m prost\u0159ed\u00ed\" width=\"180\" height=\"300\" srcset=\"https:\/\/www.jindrichsmitka.cz\/wp-content\/uploads\/2016\/06\/IMAG0210-180x300.jpg 180w, https:\/\/www.jindrichsmitka.cz\/wp-content\/uploads\/2016\/06\/IMAG0210-613x1024.jpg 613w, https:\/\/www.jindrichsmitka.cz\/wp-content\/uploads\/2016\/06\/IMAG0210-768x1283.jpg 768w, https:\/\/www.jindrichsmitka.cz\/wp-content\/uploads\/2016\/06\/IMAG0210-920x1536.jpg 920w, https:\/\/www.jindrichsmitka.cz\/wp-content\/uploads\/2016\/06\/IMAG0210-1226x2048.jpg 1226w, https:\/\/www.jindrichsmitka.cz\/wp-content\/uploads\/2016\/06\/IMAG0210-150x251.jpg 150w, https:\/\/www.jindrichsmitka.cz\/wp-content\/uploads\/2016\/06\/IMAG0210-300x501.jpg 300w, https:\/\/www.jindrichsmitka.cz\/wp-content\/uploads\/2016\/06\/IMAG0210-696x1162.jpg 696w, https:\/\/www.jindrichsmitka.cz\/wp-content\/uploads\/2016\/06\/IMAG0210-1068x1784.jpg 1068w, https:\/\/www.jindrichsmitka.cz\/wp-content\/uploads\/2016\/06\/IMAG0210-scaled.jpg 1533w\" sizes=\"auto, (max-width: 180px) 100vw, 180px\" \/><\/a><figcaption id=\"caption-attachment-32\" class=\"wp-caption-text\">Nocleh<\/figcaption><\/figure>\n<figure id=\"attachment_33\" aria-describedby=\"caption-attachment-33\" style=\"width: 180px\" class=\"wp-caption alignnone\"><a href=\"https:\/\/www.jindrichsmitka.cz\/wp-content\/uploads\/2016\/06\/IMAG0211.jpg\"><img loading=\"lazy\" decoding=\"async\" class=\"wp-image-33 size-medium\" src=\"https:\/\/www.jindrichsmitka.cz\/wp-content\/uploads\/2016\/06\/IMAG0211-180x300.jpg\" alt=\"P\u0159\u00edjemn\u00e9 p\u0159esp\u00e1n\u00ed v dom\u011b nad pizzeri\u00ed U Pejska a Ko\u010di\u010dky\" width=\"180\" height=\"300\"><\/a><figcaption id=\"caption-attachment-33\" class=\"wp-caption-text\">Pizzerie U Pejska a Ko\u010di\u010dky<\/figcaption><\/figure>\n<p>Nakonec si v\u0161ak nechala vysv\u011btlit, \u017ee jsou to atributy, kter\u00e9 m\u011b p\u0159i span\u00ed nijak neomezuj\u00ed, a po tak dlouh\u00e9 cest\u011b usnu kdekoliv. Hlavn\u011b, \u017ee to bude pod st\u0159echou a se sprchou. R\u00e1d bych tak t\u00edmto pod\u011bkoval \u0160t\u011bp\u00e1nce z kasejovick\u00e9 pizzerie U Pejska a Ko\u010di\u010dky za d\u016fv\u011bru, \u00fa\u017easn\u00e9 poho\u0161t\u011bn\u00ed a p\u0159\u00edjemn\u00fd nocleh. D\u00edky.<\/p>\n<p>R\u00e1no jsem v p\u0159\u00edjemn\u00e9 spole\u010dnosti je\u0161t\u011b p\u0159e\u010dkal bou\u0159ku a jakmile p\u0159estalo pr\u0161et, vyrazil jsem na Nepomuk.<\/p>\n","protected":false},"excerpt":{"rendered":"<p>Cesta z Ro\u017emit\u00e1lu do Kasejovic byla v d\u00e9lce 24 kilometr\u016f prvn\u00edm velk\u00fdm p\u0159esunem. V\u011bt\u0161inou vedla po p\u0159\u00edjemn\u00e9 lesn\u00ed cest\u011b p\u0159\u00edrodn\u00edm parkem T\u0159em\u0161\u00edn i se zast\u00e1vkou na samotn\u00e9m vrchu. Zlat\u00fdm h\u0159ebem dne byl nocleh.<\/p>\n","protected":false},"author":2,"featured_media":30,"comment_status":"open","ping_status":"open","sticky":false,"template":"","format":"standard","meta":{"_jetpack_memberships_contains_paid_content":false,"footnotes":""},"categories":[5,6],"tags":[3,9,10,11,7],"class_list":["post-26","post","type-post","status-publish","format-standard","has-post-thumbnail","hentry","category-santiago-ceska-republika","category-santiago-de-compostela","tag-camino-de-santiago","tag-pout","tag-santiago-de-compostela","tag-svatojakubska-cesta","tag-svatojakubska-pout"],"aioseo_notices":[],"jetpack_featured_media_url":"https:\/\/www.jindrichsmitka.cz\/wp-content\/uploads\/2016\/06\/IMAG0198-scaled.jpg","jetpack_sharing_enabled":true,"_links":{"self":[{"href":"https:\/\/www.jindrichsmitka.cz\/index.php\/wp-json\/wp\/v2\/posts\/26","targetHints":{"allow":["GET"]}}],"collection":[{"href":"https:\/\/www.jindrichsmitka.cz\/index.php\/wp-json\/wp\/v2\/posts"}],"about":[{"href":"https:\/\/www.jindrichsmitka.cz\/index.php\/wp-json\/wp\/v2\/types\/post"}],"author":[{"embeddable":true,"href":"https:\/\/www.jindrichsmitka.cz\/index.php\/wp-json\/wp\/v2\/users\/2"}],"replies":[{"embeddable":true,"href":"https:\/\/www.jindrichsmitka.cz\/index.php\/wp-json\/wp\/v2\/comments?post=26"}],"version-history":[{"count":0,"href":"https:\/\/www.jindrichsmitka.cz\/index.php\/wp-json\/wp\/v2\/posts\/26\/revisions"}],"wp:featuredmedia":[{"embeddable":true,"href":"https:\/\/www.jindrichsmitka.cz\/index.php\/wp-json\/wp\/v2\/media\/30"}],"wp:attachment":[{"href":"https:\/\/www.jindrichsmitka.cz\/index.php\/wp-json\/wp\/v2\/media?parent=26"}],"wp:term":[{"taxonomy":"category","embeddable":true,"href":"https:\/\/www.jindrichsmitka.cz\/index.php\/wp-json\/wp\/v2\/categories?post=26"},{"taxonomy":"post_tag","embeddable":true,"href":"https:\/\/www.jindrichsmitka.cz\/index.php\/wp-json\/wp\/v2\/tags?post=26"}],"curies":[{"name":"wp","href":"https:\/\/api.w.org\/{rel}","templated":true}]}}