{"id":290,"date":"2016-08-15T05:00:34","date_gmt":"2016-08-15T03:00:34","guid":{"rendered":"http:\/\/jindrichsmitka.cz\/?p=290"},"modified":"2016-08-15T05:00:34","modified_gmt":"2016-08-15T03:00:34","slug":"polovina-cesty-na-dohled","status":"publish","type":"post","link":"https:\/\/www.jindrichsmitka.cz\/index.php\/2016\/08\/15\/polovina-cesty-na-dohled\/","title":{"rendered":"Polovina cesty na dohled"},"content":{"rendered":"<p><strong>P\u0159ekonal jsem n\u011bkolik kopc\u016f a prudk\u00fdch stoup\u00e1n\u00ed. Odm\u011bnou mi byly n\u00e1dhern\u00e9 v\u00fdhled i dal\u0161\u00ed ch\u016fze. Op\u011bt m\u011b n\u011bkolikr\u00e1t zachr\u00e1nila n\u00e1hoda. Nefunguj\u00edc\u00ed ubytovna m\u011b nakonec dostala a\u017e t\u00e9m\u011b\u0159 na dohled polovin\u011b cesty.<\/strong><\/p>\n<figure id=\"attachment_297\" aria-describedby=\"caption-attachment-297\" style=\"width: 300px\" class=\"wp-caption alignleft\"><a href=\"https:\/\/www.jindrichsmitka.cz\/wp-content\/uploads\/2016\/08\/V\u00fdhled-na-Channaz.jpg\"><img loading=\"lazy\" decoding=\"async\" class=\"size-medium wp-image-297\" src=\"https:\/\/www.jindrichsmitka.cz\/wp-content\/uploads\/2016\/08\/V\u00fdhled-na-Channaz-300x180.jpg\" alt=\"Rhona ve Francii na Svatojakubsk\u00e9 cest\u011b\" width=\"300\" height=\"180\" \/><\/a><figcaption id=\"caption-attachment-297\" class=\"wp-caption-text\">V\u00fdhled na Channaz<\/figcaption><\/figure>\n<p>V\u00a0<strong>Chavannay<\/strong> jsem r\u00e1no posn\u00eddal na b\u0159ehu <strong>Rh\u00f4ny<\/strong>. P\u0159i dokupov\u00e1n\u00ed potravin jsem se zdr\u017eel. Obchod m\u011bl sice otev\u0159\u00edt v\u00a0osm, ale plus m\u00ednus p\u016fl hodiny. N\u011bkolik lid\u00ed v\u0161ak \u010dek\u00e1n\u00ed vzdalo a jedin\u00e1 omluva bylo pokr\u010den\u00ed ramen. Zkr\u00e1tka Francie. No stress. Hned r\u00e1no m\u011b \u010dekalo strm\u00e9 stoup\u00e1n\u00ed. Kolem des\u00e1t\u00e9 jsem doputoval do vesnice <strong>Bessey<\/strong>. M\u011bli tu st\u016fl ve st\u00ednu, vodu i z\u00e1chod. Zkr\u00e1tka v\u0161e co poutn\u00edk pot\u0159ebuje. Jako bonus jsem zde objevil bagetomat. Po ob\u011bd\u011b a chv\u00edli oddechu jsem pokra\u010doval.<\/p>\n<p>Bl\u00ed\u017eilo se poledne a tak jsem pochodoval na slunci. N\u011bjakou dobu po rovince, ale v\u00a0tom nejv\u011bt\u0161\u00edm odpoledn\u00edm pa\u0159\u00e1ku jsem st\u00e1l p\u0159ed kopcem. Nezbylo mi, ne\u017e stoupat. Vody jsem m\u011bl pom\u00e1lu a tak jsem \u0161el opatrn\u011b. Jakmile jsem vystoupal nejhor\u0161\u00ed, poda\u0159ilo se mi u posledn\u00edho domu doplnit vodu a d\u00e1t si kr\u00e1tk\u00fd oddech.<\/p>\n<p><strong>V\u00fdhled na \u00fadol\u00ed Rh\u00f4ny<\/strong><\/p>\n<p>&nbsp;<\/p>\n<figure id=\"attachment_299\" aria-describedby=\"caption-attachment-299\" style=\"width: 300px\" class=\"wp-caption alignleft\"><a href=\"https:\/\/www.jindrichsmitka.cz\/wp-content\/uploads\/2016\/08\/Panorama-u-k\u0159\u00edze.jpg\"><img loading=\"lazy\" decoding=\"async\" class=\"size-medium wp-image-299\" src=\"https:\/\/www.jindrichsmitka.cz\/wp-content\/uploads\/2016\/08\/Panorama-u-k\u0159\u00edze-300x63.jpg\" alt=\"Panorama s v\u00fdhledem na Rhonu\" width=\"300\" height=\"63\" \/><\/a><figcaption id=\"caption-attachment-299\" class=\"wp-caption-text\">Panorama u k\u0159\u00ed\u017ee<\/figcaption><\/figure>\n<p>Dorazil jsem kopec ke strategicky um\u00edst\u011bn\u00e9 poutn\u00ed ubytovn\u011b. Nenechal jsem se zl\u00e1kat a pokra\u010doval. Opod\u00e1l jsem narazil na ob\u0159\u00ed k\u0159\u00ed\u017e shl\u00ed\u017eej\u00edc\u00ed na celou krajinu pod\u00e9l \u0159eky Rh\u00f4ny, u kter\u00e9ho byla ve st\u00ednu lavi\u010dka. Bylo ji\u017e odpoledne a tedy nejvy\u0161\u0161\u00ed \u010das na siestu. Ob\u011bd a sp\u00e1nek jsou ide\u00e1ln\u00ed kombinac\u00ed. Pak jsem pokra\u010doval, ale ji\u017e jsem nem\u011bl j\u00eddlo. Na\u0161t\u011bst\u00ed je p\u0159\u00edroda \u0161t\u011bdr\u00e1 a hned pod kopcem jsem vydloubnul z\u00a0pole dv\u011b ob\u0159\u00ed brambory.<\/p>\n<p>Posledn\u00ed sestup dne v\u0161ak znamenal pochod p\u0159es velk\u00e9 obl\u00e1zky. Nakonec jsem se dokodrcal do m\u011bsta <strong>Burg-Argental<\/strong>. Zde m\u011b pot\u011b\u0161ila prvn\u00ed cedule odkazuj\u00edc\u00ed na<strong> Le Puy en Velay<\/strong>. To znamen\u00e1, \u017ee polovina cesty se ji\u017e bl\u00ed\u017e\u00ed.<\/p>\n<p>Po dal\u0161\u00edm kr\u00e1tk\u00e9m pochodu jsem pak kolem sedm\u00e9 dorazil k\u00a0vyhl\u00e9dnut\u00e9mu Gitu (poutn\u00ed ubytovn\u011b) v\u00a0<strong>Mounes<\/strong>. Narazil jsem zde na Esmeraldu z\u00a0Nizozem\u00ed. Do <strong>Santi\u00e1ga<\/strong> ji\u017e do\u0161la a tak pr\u00e1v\u011b putovala po etap\u00e1ch stejn\u00e9 cesty opa\u010dn\u00fdm sm\u011brem do <strong>Jeruzal\u00e9ma<\/strong>. Dozv\u011bd\u011bl jsem se p\u00e1r u\u017eite\u010dn\u00fdch tip\u016f. Pod\u011blil jsem se o uva\u0159en\u00e9 brambory a obdr\u017eel za ve\u010de\u0159i su\u0161enky.<\/p>\n<p><strong>V\u00fdstup dne<\/strong><\/p>\n<p>R\u00e1no jsem se nemohl zvednout a tak jsem nakonec vyrazil a\u017e kolem dev\u00e1t\u00e9. Na\u0161t\u011bst\u00ed <strong>Svatojakubsk\u00e1 cesta<\/strong> pokra\u010dovala po v\u011bt\u0161in\u011b ve st\u00ednu po star\u00e9 \u017eelezni\u010dn\u00ed trati po \u00fabo\u010d\u00ed kopce. Po n\u011bkolika kilometrech jsem minul posledn\u00ed m\u011bsto a mo\u017eno n\u00e1kupu cestou. Znamenalo by to toti\u017e po\u0159\u00e1dn\u00fd sestup z\u00a0kopce a pak n\u00e1vrat zp\u011bt na cestu. Rozhodl jsem se to risknout.<\/p>\n<figure id=\"attachment_294\" aria-describedby=\"caption-attachment-294\" style=\"width: 300px\" class=\"wp-caption alignleft\"><a href=\"https:\/\/www.jindrichsmitka.cz\/wp-content\/uploads\/2016\/08\/Nejvy\u0161\u0161\u00ed-bod-dne.jpg\"><img loading=\"lazy\" decoding=\"async\" class=\"size-medium wp-image-294\" src=\"https:\/\/www.jindrichsmitka.cz\/wp-content\/uploads\/2016\/08\/Nejvy\u0161\u0161\u00ed-bod-dne-300x180.jpg\" alt=\"Svaatojakubsk\u00e1 cesta stoup\u00e1 p\u0159es vr\u0161ky\" width=\"300\" height=\"180\" \/><\/a><figcaption id=\"caption-attachment-294\" class=\"wp-caption-text\">V\u00fdstup do 1204 metr\u016f<\/figcaption><\/figure>\n<p>I kv\u016fli v\u00fdstupu, je\u017e m\u011b dnes \u010dekal, jsem toho s\u00a0sebou cht\u011bl n\u00e9st co nejm\u00e9n\u011b. Cesta pak odbo\u010dila z\u00a0trati vzh\u016fru do kopce. N\u00e1sledovalo dvouhodinov\u00e9 stoup\u00e1n\u00ed do v\u00fd\u0161ky 1204 metr\u016f. P\u0159ev\u00fd\u0161en\u00ed n\u011bjak\u00fdch 400 metr\u016f. Zhruba ve dvou t\u0159etin\u00e1ch v\u00fdstupu jsem u\u017e byl t\u00e9m\u011b\u0159 bez vody. Na\u0161t\u011bst\u00ed m\u011b zachr\u00e1nil pot\u016f\u010dek. Byl na kopci, v\u00a0lese a po zem\u011bd\u011blstv\u00ed ani pam\u00e1tka, tak\u017ee jsem nem\u011bl pochyby o jeho \u010distot\u011b.<\/p>\n<p>Po\u0159\u00e1dn\u011b jsem se napil a namo\u010dil \u0161\u00e1tek. Nedaleko jsem pak narazil na ceduli oznamuj\u00edc\u00ed dosa\u017een\u00ed vrcholu. Do dal\u0161\u00ed vesnice zb\u00fdval u\u017e jen kousek. Bylo kolem jedn\u00e9 a m\u011bl jsem po\u0159\u00e1dn\u00fd hlad. Dorazil jsem tam a u p\u00edtka potkal poutn\u00edka Nikolu. Spole\u010dn\u011b jsme se zakecali se \u0160pan\u011bly s\u00a0karavanem a popili z\u00a0koluj\u00edc\u00ed fla\u0161ky v\u00edna.<\/p>\n<p><strong>Z\u00e1chrana na posledn\u00ed chv\u00edli<\/strong><\/p>\n<figure id=\"attachment_300\" aria-describedby=\"caption-attachment-300\" style=\"width: 300px\" class=\"wp-caption alignleft\"><a href=\"https:\/\/www.jindrichsmitka.cz\/wp-content\/uploads\/2016\/08\/IMAG0106.jpg\"><img loading=\"lazy\" decoding=\"async\" class=\"size-medium wp-image-300\" src=\"https:\/\/www.jindrichsmitka.cz\/wp-content\/uploads\/2016\/08\/IMAG0106-300x180.jpg\" alt=\"Z\u00e1chrana na Svatojakubsk\u00e9 cest\u011b\" width=\"300\" height=\"180\" \/><\/a><figcaption id=\"caption-attachment-300\" class=\"wp-caption-text\">Gite s ob\u010derstven\u00edm<\/figcaption><\/figure>\n<p>P\u0159ed koncem vesnice jsme se n\u011bjak zakecali o j\u00eddle. Zrovna byla na dohled m\u00edstn\u00ed ubytovna, ze kter\u00e9 vych\u00e1zela pan\u00ed s\u00a0bagetou v\u00a0ruce. M\u016fj kolega mi d\u016frazn\u011b doporu\u010doval nakoupit zde, proto\u017ee jin\u00e9 mo\u017enosti p\u0159\u00ed\u0161t\u00edch dvacet kilometr\u016f nebudou. Nakonec mi za\u0159\u00eddil bagetu a ode\u0161el. Pan\u00ed m\u011b pozvala dovnit\u0159 a vysv\u011btlila mi, \u017ee se jedn\u00e1 o dal\u0161\u00ed ubytovnu s\u00a0dobrovoln\u00fdm p\u0159\u00edsp\u011bvkem. K\u00a0j\u00eddlu mi p\u0159idala s\u00fdr, m\u00e1slo a klob\u00e1sy. Dostal jsem instrukce, \u017ee si mohu vz\u00edt pivo nebo limon\u00e1dy a pak ode\u0161la. M\u011bl jsem velk\u00fd hlad a tak jsem si dop\u0159\u00e1l. Pivo p\u0159i\u0161lo na \u0159adu tak\u00e9. Venku bylo vedro a tak jsem nesp\u011bchal. V\u00a0klidu jsem se najedl a popil. Nabil si elektroniku a vypral pr\u00e1dlo.<\/p>\n<p>Pozd\u011bji se objevili dal\u0161\u00ed dva poutn\u00edci. Dozv\u011bd\u011bl jsem se, \u017ee tak\u00e9 putuj\u00ed z\u00a0domova z\u00a0<strong>N\u011bmecka<\/strong> a u\u017e asi m\u011bs\u00edc nar\u00e1\u017e\u00ed na m\u00e9 vzkazy v\u00a0kostelech zhruba s\u00a0denn\u00edm zpo\u017ed\u011bn\u00edm. Jeden nav\u00edc potkal jednu z\u00a0poutnic, je\u017e jsem cestou p\u0159edb\u011bhl, je\u017e jim tak\u00e9 vypr\u00e1v\u011bla. Pot\u011b\u0161ilo m\u011b, \u017ee jsem ji\u017e po cest\u011b tak zn\u00e1m\u00fd. Jeden z\u016fstal a druh\u00fd pokra\u010doval do vedlej\u0161\u00ed vesnice, kde m\u011bl nocleh.<\/p>\n<p><strong>Nocleh u ruiny<\/strong><\/p>\n<p>Odpoledne jsem pak pokra\u010doval. \u0160el jsem zhruba dal\u0161\u00ed t\u0159i hodiny. Z\u00a0bagety mi toho moc nezbylo a proviantu jsem s\u00a0sebou z\u00a0nocleh\u00e1rny mnoho neodnesl. P\u0159\u00edroda, ale byla \u0161t\u011bdr\u00e1. Op\u011bt jsem na\u0161el brambory a hned vedle kuku\u0159ici.<\/p>\n<p>Opod\u00e1l byla u soutoku dvou potok\u016f ruina a vedle n\u00ed prostorn\u00e1 louka. Nohy u\u017e dal\u0161\u00ed kopec \u0161lapat necht\u011bly a tak jsem se opl\u00e1chl v\u00a0potoce, uva\u0159il brambory s\u00a0kuku\u0159ic\u00ed a p\u0159espal.<\/p>\n<p>R\u00e1no m\u011b \u010dekalo po\u0159\u00e1dn\u00e9 stoup\u00e1n\u00ed. Vypran\u00e9 v\u011bci je\u0161t\u011b neuschly a ty zpocen\u00e9 tak\u00e9 ne. Obl\u00e9kl jsem si tedy mokr\u00e9, ale \u010dist\u00e9 triko, je\u017e v\u0161ak po dvaceti minut\u00e1ch stoup\u00e1n\u00ed uschlo. Brzy na to jsem dorazil do <strong>Montfaucon-en-Velay<\/strong>.<\/p>\n<p>Opod\u00e1l jsem potkal poutn\u00edka Christofa, kter\u00e9ho jsem zahl\u00e9dl p\u0159i ob\u011bd\u011b p\u0159ede\u0161l\u00e9ho dne. Zakecali jsme se a dozv\u011bd\u011bl jsem se, \u017ee se \u017eiv\u00ed blogov\u00e1n\u00edm a psan\u00edm cestovn\u00edch pr\u016fvodc\u016f. Prokecali jsme cestou cel\u00e9 odpoledne a snad jedin\u00fdm vytr\u017een\u00edm z\u00a0hovoru byl mal\u00fd zu\u0159iv\u00fd yorsk\u0161\u00edr, je\u017e se mu zakousl do nohy.<\/p>\n<p><strong>Nejvy\u0161\u0161\u00ed bod trasy<\/strong><\/p>\n<figure id=\"attachment_292\" aria-describedby=\"caption-attachment-292\" style=\"width: 300px\" class=\"wp-caption alignleft\"><a href=\"https:\/\/www.jindrichsmitka.cz\/wp-content\/uploads\/2016\/08\/Bl\u00ed\u017e\u00edc\u00ed-se-mraky.jpg\"><img loading=\"lazy\" decoding=\"async\" class=\"size-medium wp-image-292\" src=\"https:\/\/www.jindrichsmitka.cz\/wp-content\/uploads\/2016\/08\/Bl\u00ed\u017e\u00edc\u00ed-se-mraky-300x180.jpg\" alt=\"Temn\u00e9 mraky na Svatojakubsk\u00e9 cest\u011b\" width=\"300\" height=\"180\" \/><\/a><figcaption id=\"caption-attachment-292\" class=\"wp-caption-text\">Bl\u00ed\u017e\u00edc\u00ed se mraky<\/figcaption><\/figure>\n<p>P\u0159ed posledn\u00edm kopcem v\u00a0obci <strong>Saint-Julien<\/strong> se Christof odd\u011blil a j\u00e1 v\u00a0absenci jin\u00fdch mo\u017enost\u00ed pokra\u010doval d\u00e1l. Za kopcem m\u011bla b\u00fdt podle pr\u016fvodce poutn\u00ed ubytovna i s\u00a0j\u00eddlem. U\u017e jsem m\u011bl v\u00a0noh\u00e1ch sv\u00fdch 27 kilometr\u016f a tak jsem byl unaven\u00fd. P\u0159edpov\u011b\u010f hl\u00e1sila bou\u0159ky na cel\u00fd den. U\u017e od r\u00e1na jsem proto v\u00a0nap\u011bt\u00ed \u010dekal, co se stane. Nad posledn\u00edm poho\u0159\u00edm se sn\u00e1\u0161ely temn\u00e9 mraky a tak jsem se za\u010dal modlit, aby mi cestou nep\u0159i\u0161el slibovan\u00fd slejv\u00e1k.<\/p>\n<p>\u010c\u00edm v\u00edc jsem stoupal, t\u00edm hust\u0161\u00ed byla mlha. Prudce se ochladilo a viditelnost klesla. Mrholilo. Bylo to snad poprv\u00e9, kdy jsem musel vyt\u00e1hnout bundu kv\u016fli zim\u011b. Stoup\u00e1n\u00ed nem\u011blo konce. Kdy\u017e jsem dorazil do \u00fadajn\u00e9ho nejvy\u0161\u0161\u00edho bodu trasy 1243 metry, tak cesta d\u00e1l stoupala. Posledn\u00ed ukazatel v\u0161ak zna\u010dil o 40 metr\u016f v\u00fd\u0161. Svatojakubsk\u00e1 cesta nakonec kolem ubytovny nevedla a tak jsem musel hledat. Zjistil jsem, \u017ee je t\u0159i kilometry vzd\u00e1len\u00e1, byl jsem pevn\u011b rozhodnut\u00fd tam doj\u00edt.<\/p>\n<p><strong>Ubytovna v Queyrieres nefunguje<\/strong><\/p>\n<p>Prakticky na m\u00edst\u011b mi z protism\u011bru zastavil p\u00e1n s\u00a0dod\u00e1vkou, o\u010dividn\u011b majitel m\u00e9 vyhl\u00e9dnut\u00e9 nocleh\u00e1rny a ozn\u00e1mil mi, \u017ee ubytovna ji\u017e \u0161est let nefunguje. Pr\u00fd nev\u00ed, pro\u010d to z\u00a0pr\u016fvodce je\u0161t\u011b nesmazali. To u\u017e jsem m\u011bl za sebou asi 40 kilometr\u016f a sv\u00fdm ozn\u00e1men\u00edm m\u011b odrovnal.<\/p>\n<p>Nakonec m\u011b nalo\u017eil a odvezl asi \u0161est kilometr\u016f do n\u00e1sleduj\u00edc\u00ed m\u011bsta na trati <strong>Saint-Julien-Chapteuil<\/strong>. M\u00edstn\u00ed gite fungoval, ale muselo se zaplatit ve vzd\u00e1len\u00e9m kempu. Povozil m\u011b tedy po cel\u00e9 vesnici a pak vysadil p\u0159ed nocleh\u00e1rnou, pop\u0159\u00e1l mi \u0161t\u011bst\u00ed a odjel.<\/p>\n<p>P\u0159espal jsem. R\u00e1no jsem je\u0161t\u011b obdr\u017eel od spolubydl\u00edc\u00edch p\u016fl zbyl\u00e9 bagety na cestu a vyrazil vst\u0159\u00edc m\u011bstu ohrani\u010duj\u00edc\u00ed polovinu m\u00e9 cesty Le Puy en Velay.<\/p>\n<p>\u010ct\u011bte d\u00e1l:<br \/>\n<a href=\"http:\/\/jindrichsmitka.cz\/2016\/08\/12\/posledni-most-pres-rhonu\/\">Posledn\u00ed most p\u0159es Rhonu<\/a><br \/>\n<a href=\"http:\/\/jindrichsmitka.cz\/2016\/08\/11\/recenze-varic-jetboil-flash\/\">Recenze: Va\u0159i\u010d JetBoil Flash<\/a><\/p>\n","protected":false},"excerpt":{"rendered":"<p>P\u0159ekonal jsem n\u011bkolik kopc\u016f a prudk\u00fdch stoup\u00e1n\u00ed. Odm\u011bnou mi byly n\u00e1dhern\u00e9 v\u00fdhled i dal\u0161\u00ed ch\u016fze. Op\u011bt m\u011b n\u011bkolikr\u00e1t zachr\u00e1nila n\u00e1hoda. Nefunguj\u00edc\u00ed ubytovna m\u011b nakonec dostala a\u017e t\u00e9m\u011b\u0159 na dohled polovin\u011b cesty.<\/p>\n","protected":false},"author":2,"featured_media":293,"comment_status":"open","ping_status":"open","sticky":false,"template":"","format":"standard","meta":{"_jetpack_memberships_contains_paid_content":false,"footnotes":""},"categories":[110,6],"tags":[13,9,10],"class_list":["post-290","post","type-post","status-publish","format-standard","has-post-thumbnail","hentry","category-santiago-francie","category-santiago-de-compostela","tag-cesta","tag-pout","tag-santiago-de-compostela"],"aioseo_notices":[],"jetpack_featured_media_url":"https:\/\/www.jindrichsmitka.cz\/wp-content\/uploads\/2016\/08\/Le-Puy-scaled.jpg","jetpack_sharing_enabled":true,"_links":{"self":[{"href":"https:\/\/www.jindrichsmitka.cz\/index.php\/wp-json\/wp\/v2\/posts\/290","targetHints":{"allow":["GET"]}}],"collection":[{"href":"https:\/\/www.jindrichsmitka.cz\/index.php\/wp-json\/wp\/v2\/posts"}],"about":[{"href":"https:\/\/www.jindrichsmitka.cz\/index.php\/wp-json\/wp\/v2\/types\/post"}],"author":[{"embeddable":true,"href":"https:\/\/www.jindrichsmitka.cz\/index.php\/wp-json\/wp\/v2\/users\/2"}],"replies":[{"embeddable":true,"href":"https:\/\/www.jindrichsmitka.cz\/index.php\/wp-json\/wp\/v2\/comments?post=290"}],"version-history":[{"count":0,"href":"https:\/\/www.jindrichsmitka.cz\/index.php\/wp-json\/wp\/v2\/posts\/290\/revisions"}],"wp:featuredmedia":[{"embeddable":true,"href":"https:\/\/www.jindrichsmitka.cz\/index.php\/wp-json\/wp\/v2\/media\/293"}],"wp:attachment":[{"href":"https:\/\/www.jindrichsmitka.cz\/index.php\/wp-json\/wp\/v2\/media?parent=290"}],"wp:term":[{"taxonomy":"category","embeddable":true,"href":"https:\/\/www.jindrichsmitka.cz\/index.php\/wp-json\/wp\/v2\/categories?post=290"},{"taxonomy":"post_tag","embeddable":true,"href":"https:\/\/www.jindrichsmitka.cz\/index.php\/wp-json\/wp\/v2\/tags?post=290"}],"curies":[{"name":"wp","href":"https:\/\/api.w.org\/{rel}","templated":true}]}}