{"id":3713,"date":"2021-10-24T13:33:05","date_gmt":"2021-10-24T11:33:05","guid":{"rendered":"https:\/\/www.jindrichsmitka.cz\/?p=3713"},"modified":"2021-10-24T13:33:05","modified_gmt":"2021-10-24T11:33:05","slug":"agenda-2030-centralnim-rizenim-spolecnosti-k-zavislosti-totalite-a-otroctvi","status":"publish","type":"post","link":"https:\/\/www.jindrichsmitka.cz\/index.php\/2021\/10\/24\/agenda-2030-centralnim-rizenim-spolecnosti-k-zavislosti-totalite-a-otroctvi\/","title":{"rendered":"Agenda 2030: Centr\u00e1ln\u00edm \u0159\u00edzen\u00edm spole\u010dnosti k z\u00e1vislosti, totalit\u011b a otroctv\u00ed"},"content":{"rendered":"\n<p><strong>Agenda 2030: Poslu\u0161nost, z\u00e1vislost a kontrola v oblasti pen\u011bz, energi\u00ed, zdrav\u00ed, zem\u011bd\u011blstv\u00ed a v podstat\u011b v\u0161ech aspektech \u017eivota \u010dlov\u011bka. Toto je upozorn\u011bn\u00ed na cestu, po kter\u00e9 kr\u00e1\u010d\u00edme k totalit\u011b. Vizion\u00e1\u0159 \u010capek a jeho V\u00e1lka s mloky a Orwellovsk\u00fd 1984 v jednom. Co m\u016f\u017eete pro pozitivn\u00ed zm\u011bnu ud\u011blat Vy?<\/strong><\/p>\n\n\n\n<p>Agenda 2030 je pr\u00e1vn\u011b z\u00e1vazn\u00fd dokument OSN (Organizace spojen\u00fdch n\u00e1rod\u016f) podepsan\u00fd podle dostupn\u00fdch informac\u00ed 169 st\u00e1ty sv\u011bta. Podle ofici\u00e1ln\u00edch vyj\u00e1d\u0159en\u00ed se jedn\u00e1 o <em>\u201enej\u0161ir\u0161\u00ed a nejkomplexn\u011bj\u0161\u00ed rozvojovou strategii\u201c<\/em> v d\u011bjin\u00e1ch OSN, ke kter\u00e9 se samoz\u0159ejm\u011b p\u0159ipojila tak\u00e9 \u010cesk\u00e1 republika.<\/p>\n\n\n\n<p>Je to <em>\u201edlouhodob\u00fd a ambici\u00f3zn\u00ed program ve v\u0161ech oblastech lidsk\u00e9ho kon\u00e1n\u00ed,\u201c<\/em> stoj\u00ed na ofici\u00e1ln\u00edch str\u00e1nk\u00e1ch Ministerstva \u017eivotn\u00edho prost\u0159ed\u00ed <a href=\"https:\/\/www.mzp.cz\/cz\/agenda_2030\" target=\"_blank\" rel=\"noreferrer noopener\">(\u010dt\u011bte zde)<\/a> a celkov\u00fd rozpis agendy naleznete na Czechaid <a href=\"http:\/\/www.czechaid.cz\/nase-aktivity\/globalni-cile-a-agenda-2030\/\" target=\"_blank\" rel=\"noreferrer noopener\">(\u010dt\u011bte zde)<\/a> .<\/p>\n\n\n\n<p>Jedn\u00e1 se tedy vskutku o celosv\u011btov\u00fd projekt na vytvo\u0159en\u00ed jedn\u00e9 celosv\u011btov\u011b unifikovan\u00e9 spole\u010dnosti s centr\u00e1ln\u00edm \u0159\u00edzen\u00edm.<\/p>\n\n\n\n<p><strong>Souhrnn\u00e9 c\u00edle agendy 2030<\/strong><\/p>\n\n\n\n<p>1) Lid\u00e9 \u2013 vym\u00fdcen\u00ed chudoby a hladu ve v\u0161ech jejich form\u00e1ch a rozm\u011brech a umo\u017en\u011bn\u00ed v\u0161em lidem na sv\u011bt\u011b, aby naplnili sv\u016fj potenci\u00e1l v d\u016fstojnosti, rovnosti a zdrav\u00e9m \u017eivotn\u00edm prost\u0159ed\u00ed.<\/p>\n\n\n\n<p>2) Planeta \u2013 ochrana planety p\u0159ed jej\u00edm po\u0161kozen\u00edm, v\u010detn\u011b udr\u017eiteln\u00e9 spot\u0159eby a v\u00fdroby a \u010derp\u00e1n\u00ed p\u0159\u00edrodn\u00edch zdroj\u016f a podnik\u00e1n\u00ed urgentn\u00edch krok\u016f v r\u00e1mci klimatick\u00e9 zm\u011bny.<\/p>\n\n\n\n<p>3) Prosperita \u2013 zaji\u0161t\u011bn\u00ed prosperity a \u017eivotn\u00edho napln\u011bn\u00ed pro v\u0161echny, v\u010detn\u011b toho, \u017ee ekonomick\u00fd, soci\u00e1ln\u00ed a technologick\u00fd rozvoj p\u016fjde ruku v ruce s p\u0159\u00edrodou.<\/p>\n\n\n\n<p>4) M\u00edr \u2013 zaji\u0161t\u011bn\u00ed m\u00edrumilovn\u00fdch, spravedliv\u00fdch a inkluzivn\u00edch spole\u010dnost\u00ed, kter\u00e9 jsou opro\u0161t\u011bny od strachu a n\u00e1sil\u00ed.<\/p>\n\n\n\n<p>5) Partnerstv\u00ed \u2013 vytvo\u0159en\u00ed \u201eglob\u00e1ln\u00edho partnerstv\u00ed pro udr\u017eiteln\u00fd rozvoj\u201c zalo\u017een\u00e9m na pos\u00edlen\u00e9 glob\u00e1ln\u00ed solidarit\u011b zam\u011b\u0159en\u00e9 p\u0159edev\u0161\u00edm na pot\u0159eby nejchud\u0161\u00edch a nejv\u00edc ohro\u017een\u00fdch lid\u00ed se zapojen\u00edm v\u0161ech zem\u00ed, akt\u00e9r\u016f a lid\u00ed.<\/p>\n\n\n\n<p>P\u0159esn\u00e9 c\u00edle i podc\u00edle v jejich pln\u00e9m zn\u011bn\u00ed naleznete <a href=\"http:\/\/www.czechaid.cz\/nase-aktivity\/globalni-cile-a-agenda-2030\/\" target=\"_blank\" rel=\"noreferrer noopener\">(zde)<\/a>.<\/p>\n\n\n\n<div class=\"wp-block-image\"><figure class=\"alignleft size-large is-resized\"><img loading=\"lazy\" decoding=\"async\" src=\"https:\/\/www.jindrichsmitka.cz\/wp-content\/uploads\/2021\/10\/tingey-injury-law-firm-L4YGuSg0fxs-unsplash-683x1024.jpg\" alt=\"\" class=\"wp-image-3705\" width=\"192\" height=\"288\"\/><figcaption>V\u00e1hy svobody a spravedlnosti. Zdroj: Unsplash<\/figcaption><\/figure><\/div>\n\n\n\n<p><strong>Libozvu\u010dn\u00e1 iluze vs. Realita<\/strong><\/p>\n\n\n\n<p>Za libozvu\u010dn\u00fdmi hesly o ochran\u011b klimatu, vym\u00fdcen\u00edm hladu, nastolen\u00ed celosv\u011btov\u00e9ho m\u00edru, partnerstv\u00ed a prosperity se skr\u00fdv\u00e1 druh\u00e1, temn\u00e1 strana mince.<\/p>\n\n\n\n<p>Tato strana je n\u00e1tlakov\u00e1, totalitn\u00ed, fa\u0161istick\u00e1 a vede v r\u00e1mci t\u011bchto hesel k pod\u0159\u00edzen\u00ed v\u0161ech lidsk\u00fdch \u010dinnost\u00ed ve prosp\u011bch n\u011bk\u00fdm ur\u010den\u00e9ho sv\u011btov\u00e9ho \u0159\u00e1du. \u0158\u00e1du, kter\u00fd n\u011bkte\u0159\u00ed konkr\u00e9tn\u00ed jedinci \u0159\u00edd\u00ed, ovl\u00e1daj\u00ed a vynucuj\u00ed jej na v\u0161ech ostatn\u00edch z pohledu autority neur\u010dit\u00fdch, odosobn\u011bn\u00fdch a v podstat\u011b nik\u00fdm nekontrolovan\u00fdch nadn\u00e1rodn\u00edch st\u00e1t\u016f a takzvan\u00fdch mezin\u00e1rodn\u00edch instituc\u00ed bez jak\u00e9koli odpov\u011bdnosti za sv\u00e9 \u010diny.<\/p>\n\n\n\n<p>A\u0165 u\u017e se bav\u00edme o Evropsk\u00e9 unii, Evropsk\u00e9 centr\u00e1ln\u00ed bance, Mezin\u00e1rodn\u00edm m\u011bnov\u00e9m fondu, OSN \u010di Sv\u011btov\u00e9 zdravotnick\u00e9 organizaci a dal\u0161\u00edch podobn\u00fdch instituc\u00edch.<\/p>\n\n\n\n<script async=\"\" src=\"\/\/pagead2.googlesyndication.com\/pagead\/js\/adsbygoogle.js\"><\/script><!-- Automatick\u00e1 velikost reklamy --><ins class=\"adsbygoogle\" style=\"display: block;\" data-ad-client=\"ca-pub-9221645303649413\" data-ad-slot=\"8661693083\" data-ad-format=\"auto\" data-full-width-responsive=\"true\"><\/ins><script>\n(adsbygoogle = window.adsbygoogle || []).push({});\n<\/script><br>\n\n\n\n<p><strong>Totalitn\u00ed n\u00e1stroje kontroly a moci<\/strong><\/p>\n\n\n\n<p>Masov\u00e9 sd\u011blovac\u00ed prost\u0159edky jako televize a r\u00e1dio jsou jen \u0161pi\u010dkou ledovce. Jsou v\u0161ak st\u00e1le v\u00fdznamnou silou p\u0159i stanovov\u00e1n\u00ed spr\u00e1vn\u00e9ho my\u0161len\u00ed populace. Cenzura (u\u017e nyn\u00ed prob\u00edh\u00e1- <a href=\"https:\/\/www.jindrichsmitka.cz\/2021\/09\/04\/doba-odkryvani-kovidovych-masek-a-sjednoceni-lidi\/\" target=\"_blank\" rel=\"noreferrer noopener\">\u010dt\u011bte zde<\/a>), vym\u00fdv\u00e1n\u00ed mozk\u016f neust\u00e1l\u00fdm opakov\u00e1n\u00edm stejn\u00fdch fr\u00e1z\u00ed podle z\u00e1kladn\u00edho hesla propagandy \u201edostate\u010dn\u011b \u010dasto opakovan\u00e1 le\u017e se st\u00e1v\u00e1 pravdou\u201c.<\/p>\n\n\n\n<p>Internet, digitalizace a dal\u0161\u00ed n\u00e1stroje d\u00e1lkov\u00e9ho dohledu a pr\u00e1ce s daty, kter\u00e9 o sob\u011b jako jednotlivci skrze soci\u00e1ln\u00ed s\u00edt\u011b, mobiln\u00ed telefony a dal\u0161\u00edmi zp\u016fsoby dnes a denn\u011b poskytujeme, daly t\u011bmto instituc\u00edm do rukou n\u00e1stroje tak mocn\u00e9, \u017ee si je ani George Orwell ve sv\u00e9 vizi fa\u0161istick\u00e9 totalitn\u00ed budoucnosti zn\u00e1zorn\u011bn\u00e9 v rom\u00e1nu 1984 <a href=\"https:\/\/knihy.heureka.cz\/1984-george-orwell_12\/#utm_source=jindrichsmitka.cz&amp;utm_medium=affiliate&amp;utm_campaign=20809&amp;utm_content=Text%20link\" class=\"heureka-hn-link\" data-trixam-positionid=\"142175\" target=\"_blank\" rel=\"noopener noreferrer\">(zde)<\/a><script async=\"\" type=\"text\/javascript\" src=\"\/\/serve.affiliate.heureka.cz\/js\/trixam.min.js\"><\/script> nedovedl p\u0159edstavit.<\/p>\n\n\n\n<p>Tuto agendu p\u0159esn\u011b vystihuje r\u010den\u00ed: <em><span style=\"text-decoration: underline;\">\u201eCesta do pekla je dl\u00e1\u017ed\u011bna dobr\u00fdmi \u00famysly.\u201c<\/span><\/em><\/p>\n\n\n\n<p>Kovidov\u00e9 certifik\u00e1ty s QR k\u00f3dem jsou op\u011bt jen za\u010d\u00e1tek a velmi jednoduch\u00fdm n\u00e1strojem pro rozd\u011blen\u00ed spole\u010dnosti na poslu\u0161n\u00e9, kte\u0159\u00ed se nechaj\u00ed snadno kontrolovat a ty ostatn\u00ed.<\/p>\n\n\n\n<p>Za\u010d\u00edn\u00e1 realita v\u0161edn\u00edho dne podle totalitn\u00ed fa\u0161istick\u00e9 agendy 2030.<\/p>\n\n\n\n<p><strong>1) Jednotn\u00e1, dominantn\u00ed a snadno kontrolovateln\u00e1 m\u011bna a z\u00e1vislost<\/strong><\/p>\n\n\n\n<p>Pod hlavi\u010dkou jednoduchosti a jednotnosti v cel\u00e9m prostoru si m\u016f\u017eete dosadit m\u011bnu euro nebo dolar. V\u00fdsledek bude stejn\u00fd. Jakmile vznikne jedna v\u00fdznamn\u00e1, dominantn\u00ed a jednou entitou kontrolovan\u00e1 m\u011bna, za\u010d\u00edn\u00e1 pron\u00e1sledov\u00e1n\u00ed alternativ, kter\u00e9 mohou tuto jednotu naru\u0161it.<\/p>\n\n\n\n<p>Jakmile p\u0159est\u00e1vaj\u00ed existovat alternativy a to zejm\u00e9na v oblasti pen\u011bz, mus\u00ed v\u0161ichni pou\u017e\u00edvat tuto jednu m\u011bnu. Doch\u00e1z\u00ed p\u0159itom k omezov\u00e1n\u00ed mo\u017enost\u00ed volby p\u0159i uchov\u00e1n\u00ed hodnoty vyd\u011blan\u00fdch pen\u011bz a v del\u0161\u00edm horizontu ke zvy\u0161ov\u00e1n\u00ed cen (inflaci). T\u00edm se lid\u00e9 st\u00e1vaj\u00ed z\u00e1visl\u00fdmi a snadno kontrolovateln\u00fdmi z centr\u00e1ln\u00edho \u0159\u00edd\u00edc\u00edho m\u00edsta. Podle hesla jednotn\u00e9 \u0159\u00edzen\u00ed, jednotn\u00e9 my\u0161len\u00ed.<\/p>\n\n\n\n<p>Pokud lid\u00e9 nemaj\u00ed jin\u00e9 alternativy a \u0159iditel\u00e9 t\u00e9to m\u011bny se z n\u011bjak\u00e9ho d\u016fvodu rozhodnou, \u017ee ji\u017e tuto m\u011bnu nesm\u00ed ta kter\u00e1 konkr\u00e9tn\u00ed osoba nebo spole\u010denstv\u00ed pou\u017e\u00edvat, t\u0159eba proto, \u017ee jsou neposlu\u0161n\u00ed dan\u00e9mu \u0159\u00e1du, vznik\u00e1 vylou\u010den\u00ed.<\/p>\n\n\n\n<p>Vznik\u00e1 vy\u010dlen\u011bn\u00ed ze spole\u010dnosti a bez pen\u011bz se dneska \u010dlov\u011bk moc nehne. V dob\u011b elektronizace plateb je tento sc\u00e9n\u00e1\u0159 nav\u00edc velmi re\u00e1ln\u00fd a a\u017e velmi snadno provediteln\u00fd. Z\u00e1rove\u0148 si tito mocip\u00e1ni pomohou manipulovat s cenami m\u011bny pomoc\u00ed inflace a deflace i v\u0161eho zbo\u017e\u00ed, kter\u00e9 je v jej\u00ed hodnot\u011b vyj\u00e1d\u0159en\u00e9. Ochuzovat masy lid\u00ed a p\u0159ihr\u00e1vat kamar\u00e1dsk\u00fdm korporac\u00edm.<\/p>\n\n\n\n<p>Proto je t\u0159eba trvat na zachov\u00e1n\u00ed na\u0161\u00ed n\u00e1rodn\u00ed m\u011bny a tak\u00e9 hotovosti. A podporovat n\u00e1rodn\u00ed sv\u00e9bytnost.<\/p>\n\n\n\n<script async=\"\" src=\"\/\/pagead2.googlesyndication.com\/pagead\/js\/adsbygoogle.js\"><\/script><!-- Automatick\u00e1 velikost reklamy --><ins class=\"adsbygoogle\" style=\"display: block;\" data-ad-client=\"ca-pub-9221645303649413\" data-ad-slot=\"8661693083\" data-ad-format=\"auto\" data-full-width-responsive=\"true\"><\/ins><script>\n(adsbygoogle = window.adsbygoogle || []).push({});\n<\/script><br>\n\n\n\n<p><strong>2.<\/strong><strong>1<\/strong><strong>) Green deal \u2013 <\/strong><strong>obnoviteln\u00e9 zdroje<\/strong><\/p>\n\n\n\n<p>Pod hlavi\u010dkou ochrany klimatu doch\u00e1z\u00ed u\u017e nyn\u00ed k vynucov\u00e1n\u00ed poslu\u0161nosti. Od uzav\u00edr\u00e1n\u00ed st\u00e1vaj\u00edc\u00edch a levn\u011b provozovateln\u00fdch elektr\u00e1ren na dlouhodob\u011b dostupn\u00e1 a cenov\u011b stabiln\u00ed paliva doch\u00e1z\u00ed k omezov\u00e1n\u00ed v\u00fdb\u011bru a mo\u017enost\u00ed volby a nucen\u00e9mu p\u0159echodu na \u201evybran\u00e9\u201c a \u010dasto nestabiln\u00ed a hlavn\u011b drah\u00e9 zdroje.<\/p>\n\n\n\n<div class=\"wp-block-image\"><figure class=\"alignleft size-large is-resized\"><img loading=\"lazy\" decoding=\"async\" src=\"https:\/\/www.jindrichsmitka.cz\/wp-content\/uploads\/2021\/10\/pexels-alena-koval-886521-1024x658.jpg\" alt=\"rostlina, ruka, zelen\u00e1, \u00fa\u010del, sv\u011bt\u00ed, prost\u0159edky\" class=\"wp-image-3716\" width=\"290\" height=\"186\" srcset=\"https:\/\/www.jindrichsmitka.cz\/wp-content\/uploads\/2021\/10\/pexels-alena-koval-886521-1024x658.jpg 1024w, https:\/\/www.jindrichsmitka.cz\/wp-content\/uploads\/2021\/10\/pexels-alena-koval-886521-300x193.jpg 300w, https:\/\/www.jindrichsmitka.cz\/wp-content\/uploads\/2021\/10\/pexels-alena-koval-886521-768x493.jpg 768w, https:\/\/www.jindrichsmitka.cz\/wp-content\/uploads\/2021\/10\/pexels-alena-koval-886521-150x96.jpg 150w, https:\/\/www.jindrichsmitka.cz\/wp-content\/uploads\/2021\/10\/pexels-alena-koval-886521-696x447.jpg 696w, https:\/\/www.jindrichsmitka.cz\/wp-content\/uploads\/2021\/10\/pexels-alena-koval-886521-1068x686.jpg 1068w, https:\/\/www.jindrichsmitka.cz\/wp-content\/uploads\/2021\/10\/pexels-alena-koval-886521.jpg 1280w\" sizes=\"auto, (max-width: 290px) 100vw, 290px\" \/><figcaption>Rostlina p\u0159ebarvuje ruku na zeleno.<\/figcaption><\/figure><\/div>\n\n\n\n<p>N\u00e1tlak formou z\u00e1kaz\u016f, st\u00e1le nov\u00fdch dan\u00ed a poplatk\u016f na p\u0159echod z klasick\u00fdch, relativn\u011b levn\u00fdch, dostupn\u00fdch a prov\u011b\u0159en\u00fdch energetick\u00fdch technologi\u00ed a zdroj\u016f jak v energetice tak i p\u0159eprav\u011b na drah\u00e9, nestabiln\u00ed a v kone\u010dn\u00e9m d\u016fsledku je\u0161t\u011b m\u00e9n\u011b neefektivn\u00ed a m\u00e9n\u011b \u010dist\u00e9 \u0159e\u0161en\u00ed d\u00e1le zvy\u0161uje inflaci, omezuje mo\u017enost volby a d\u00e1le prohlubuje nerovnov\u00e1hu, nestabilitu, vy\u010dle\u0148uje jednotlivce ze spole\u010dnosti a zvy\u0161uje neefektivitu, nedostupnost \u017eivotn\u00edho standardu a z\u00e1vislost.<\/p>\n\n\n\n<p>Sta\u010d\u00ed zapo\u010d\u00edtat ekologick\u00e9 dopady p\u0159i t\u011b\u017eb\u011b vz\u00e1cn\u00fdch nerost\u016f nutn\u00fdch k p\u0159echodu zelenou energetiku, um\u011ble vyvol\u00e1vanou hromadnou popt\u00e1vku pomoc\u00ed dotac\u00ed, z\u00e1kaz\u016f a dan\u00ed a provozn\u00ed zdroje nutn\u00e9 k udr\u017een\u00ed nap\u0159\u00edklad elektromobility a zelen\u00e9 energetiky v chodu a cel\u00fd z\u00e1m\u011br r\u00e1zem p\u0159estane v takto masov\u00e9m m\u011b\u0159\u00edtku d\u00e1vat jak\u00fdkoli smysl.<\/p>\n\n\n\n<p>Tedy krom\u011b toho, \u017ee nut\u00ed k pohybu obrovsk\u00e9 mno\u017estv\u00ed kapit\u00e1lu sm\u011brem ke zdan\u011bn\u00ed a p\u0159erozd\u011blen\u00ed k velk\u00fdm korpor\u00e1t\u016fm.<\/p>\n\n\n\n<p><strong>2.2) Green deal \u2013 drah\u00e1 paliva<\/strong><\/p>\n\n\n\n<p>Z\u00e1kaz pou\u017e\u00edv\u00e1n\u00ed klasick\u00fdch paliv dom\u00e1cnost\u00ed je dal\u0161\u00ed achillovou patou cel\u00e9ho syst\u00e9mu. Ano, m\u016f\u017eete m\u00edt levn\u00e9 d\u0159evo (nedej bo\u017ee, kter\u00e9 V\u00e1m vyroste ve vlastn\u00edm lese a zadarmo), uhl\u00ed a dal\u0161\u00ed paliva, kter\u00e1 se u n\u00e1s pou\u017e\u00edvaly stovky let a jsou st\u00e1le dostupn\u00e9. Ale prost\u011b je pou\u017e\u00edvat nebudete.<\/p>\n\n\n\n<p>Na to je nyn\u00ed p\u0159eci z\u00e1kon (a jestli nen\u00ed tak brzy bude). Tak\u017ee vyho\u010fte star\u00e9 dobr\u00e9 kotle a kupujte za draho to co V\u00e1m \u0159ekneme. Plyn, peletky a dal\u0161\u00ed. Zadotujeme. Alespo\u0148 na za\u010d\u00e1tku. A pak zdra\u017e\u00edme jako v\u017edycky. V\u0161ichni to v\u00edte, ale stejn\u011b si nasko\u010d\u00edte na novou vlnu. Kdyby n\u00e1hodou ne, tak zdra\u017e\u00edme a zdan\u00edme a zak\u00e1\u017eeme a znedostupn\u00edme.<\/p>\n\n\n\n<p>Je to dal\u0161\u00ed d\u00edl skl\u00e1da\u010dky v obraze um\u011ble vyvol\u00e1van\u00e9ho nedostatku a spolu s t\u00edm z\u00e1vislosti, poslu\u0161nosti obyvatel a strachu, kter\u00fdm lze populaci snadn\u011bji kontrolovat.<\/p>\n\n\n\n<p>P\u0159i tomto p\u0159echodu se nav\u00edc p\u0159esouv\u00e1 ohromn\u00e9 mno\u017estv\u00ed prost\u0159edk\u016f, s\u00edly a energie od b\u011b\u017en\u00fdch lid\u00ed k velk\u00fdm korpor\u00e1t\u016fm, kter\u00e9 se na tomto vynucen\u00e9m p\u0159echodu zna\u010dn\u011b p\u0159i\u017eiv\u00ed a pomohou udr\u017eet lidi poslu\u0161n\u00e9.<\/p>\n\n\n\n<script async=\"\" src=\"\/\/pagead2.googlesyndication.com\/pagead\/js\/adsbygoogle.js\"><\/script><!-- Automatick\u00e1 velikost reklamy --><ins class=\"adsbygoogle\" style=\"display: block;\" data-ad-client=\"ca-pub-9221645303649413\" data-ad-slot=\"8661693083\" data-ad-format=\"auto\" data-full-width-responsive=\"true\"><\/ins><script>\n(adsbygoogle = window.adsbygoogle || []).push({});\n<\/script><br>\n\n\n\n<p><strong>Zadlu\u017een\u00ed a dal\u0161\u00ed r\u016fst z\u00e1vislosti aneb agenda ochuzov\u00e1n\u00ed<\/strong><\/p>\n\n\n\n<p>Takzvan\u00fd r\u016fst v\u0161eobecn\u00e9 prosperity, na kter\u00fd se Agenda 2030 odvol\u00e1v\u00e1, v\u0161ak doposud nen\u00ed ni\u010d\u00edm jin\u00fdm, ne\u017e dlouhodobou c\u00edlenou a v\u0161emi dostupn\u00fdmi prost\u0159edky prosazovanou snahou o likvidaci \u00faspor a maximalizaci zadlu\u017een\u00ed jak st\u00e1t\u016f, tak firem i obyvatel.<\/p>\n\n\n\n<div class=\"wp-block-image\"><figure class=\"alignleft size-large is-resized\"><img loading=\"lazy\" decoding=\"async\" src=\"https:\/\/www.jindrichsmitka.cz\/wp-content\/uploads\/2021\/03\/pexels-gabby-k-5849580-1024x600.jpg\" alt=\"Pen\u00edze, kreditn\u00ed karta a \u010das\" class=\"wp-image-3163\" width=\"283\" height=\"166\" srcset=\"https:\/\/www.jindrichsmitka.cz\/wp-content\/uploads\/2021\/03\/pexels-gabby-k-5849580-1024x600.jpg 1024w, https:\/\/www.jindrichsmitka.cz\/wp-content\/uploads\/2021\/03\/pexels-gabby-k-5849580-300x176.jpg 300w, https:\/\/www.jindrichsmitka.cz\/wp-content\/uploads\/2021\/03\/pexels-gabby-k-5849580-768x450.jpg 768w, https:\/\/www.jindrichsmitka.cz\/wp-content\/uploads\/2021\/03\/pexels-gabby-k-5849580-150x88.jpg 150w, https:\/\/www.jindrichsmitka.cz\/wp-content\/uploads\/2021\/03\/pexels-gabby-k-5849580-696x408.jpg 696w, https:\/\/www.jindrichsmitka.cz\/wp-content\/uploads\/2021\/03\/pexels-gabby-k-5849580-1068x626.jpg 1068w, https:\/\/www.jindrichsmitka.cz\/wp-content\/uploads\/2021\/03\/pexels-gabby-k-5849580.jpg 1280w\" sizes=\"auto, (max-width: 283px) 100vw, 283px\" \/><figcaption>Pen\u00edze, kreditn\u00ed karta, \u010das<\/figcaption><\/figure><\/div>\n\n\n\n<p>N\u00e1stroj\u016f na to je mnoho. Od um\u011ble vyvol\u00e1van\u00e9 inflace, kter\u00e1 lidi nut\u00ed utr\u00e1cet vyd\u011blan\u00e9 pen\u00edze s ohledem na jejich neust\u00e1l\u00fd a zrychluj\u00edc\u00ed se propad hodnoty, p\u0159es negativn\u00ed \u00farokov\u00e9 sazby, kter\u00e9 d\u00e1le demotivuj\u00ed k vytv\u00e1\u0159en\u00ed \u00faspor.<\/p>\n\n\n\n<p>N\u00e1stroji, kter\u00e9 toto umo\u017e\u0148uj\u00ed dnes jsou d\u00e1le nap\u0159\u00edklad ti\u0161t\u011bn\u00ed pen\u011bz, n\u00e1kupy dluh\u016f st\u00e1t\u016f na hran\u011b bankrotu <a href=\"https:\/\/www.jindrichsmitka.cz\/2021\/03\/06\/zmeny-ktere-se-dotknou-nas-vsech\/\" target=\"_blank\" rel=\"noreferrer noopener\">(psal jsem zde)<\/a>. T\u00edmto je manipulov\u00e1na cena za obsluhu jejich dluhu i vy\u0159e\u0161en probl\u00e9m s odbytem dluhopis\u016f. Norm\u00e1ln\u011b by si tyto dluhopisy nikdo se z\u00e1kladn\u00edm vzd\u011bl\u00e1n\u00edm nekoupil. V tom vstoup\u00ed centr\u00e1ln\u00ed banky a za pen\u00edze, kter\u00e9 doposud neexistovaly skoup\u00ed v\u0161echny dostupn\u00e9 dluhy st\u00e1t\u016f.<\/p>\n\n\n\n<p>T\u00edm se dluh nezodpov\u011bdn\u00fdch st\u00e1t\u016f p\u0159enese na v\u0161echny (kone\u010dn\u00e9) u\u017eivatele t\u00e9to m\u011bny prost\u0159ednictv\u00edm inflace. T\u011bchto p\u0159\u00edklad\u016f je v euroz\u00f3n\u011b velk\u00e9 mno\u017estv\u00ed a zdaleka se nejedn\u00e1 pouze o jih Evropy.<\/p>\n\n\n\n<p>Manipulace s \u00farokov\u00fdmi sazbami jsou dal\u0161\u00edm p\u0159\u00edkladem ochuzov\u00e1n\u00ed, kter\u00e9 jsou nav\u00edc pokusem o soci\u00e1ln\u00ed in\u017een\u00fdrstv\u00ed, kter\u00fdm centr\u00e1ln\u00ed pl\u00e1nova\u010di spole\u010dnosti v\u00edcem\u00e9n\u011b ur\u010duj\u00ed kdy maj\u00ed lid\u00e9 co d\u011blat, kupovat, bydlet atp.<\/p>\n\n\n\n<p>To v\u0161e vede k dal\u0161\u00edmu vytv\u00e1\u0159en\u00ed inflace, p\u0159esouv\u00e1n\u00ed pen\u011bz o t\u011bch co pracuj\u00ed, k t\u011bm co vlastn\u00ed (by\u0165 vlastn\u00ed pouze na dluh).<\/p>\n\n\n\n<p>Pro masy lid\u00ed se zhor\u0161uje dostupnost \u017eivotn\u00edho standardu, na kter\u00fd jsme si za posledn\u00ed p\u016flstolet\u00ed zvykli. \u010c\u00edm d\u00e1l uz\u0161\u00ed skupina profituje takov\u00fdm zp\u016fsobem, kter\u00fd snad ani sami ne\u010dekali, \u017ee si lid\u00e9 nechaj\u00ed tak snadno l\u00edbit.<\/p>\n\n\n\n<p><strong>Vym\u00fdcen\u00ed hladu vede k hubnut\u00ed<\/strong><\/p>\n\n\n\n<p>Vzhledem k n\u00e1siln\u00e9mu zvy\u0161ov\u00e1n\u00ed cen energi\u00ed a\u0165 u\u017e formou emisn\u00edch povolenek, zvy\u0161ov\u00e1n\u00ed dan\u00ed z paliv, sn\u00ed\u017een\u00fdm p\u0159edz\u00e1soben\u00edm i zkr\u00e1tka arogantn\u00ed neochotou by\u0165 jen po\u017e\u00e1dat sm\u011brem ven z Evropy o zv\u00fd\u0161en\u00ed dod\u00e1vky energi\u00ed (nap\u0159\u00edklad plynu z p\u0159ekvapiv\u011b ochotn\u00e9ho Ruska, <a href=\"https:\/\/www.irozhlas.cz\/ekonomika\/plyn-rusko-evropa-putin_2110132237_pj\" target=\"_blank\" rel=\"noreferrer noopener\">\u010dt\u011bte zde<\/a>) vede ke zvy\u0161ov\u00e1n\u00ed cen v\u0161eho od hnojiv, paliv na v\u00fdrobu i p\u0159epravu nejen potravin. Toto v\u0161echno v kone\u010dn\u00e9m d\u016fsledku v\u00fdrazn\u011b zv\u00fd\u0161\u00ed ceny potravin.<\/p>\n\n\n\n<p>Kdyby toto n\u00e1hodou nesta\u010dilo na r\u00e1zn\u00e9 zv\u00fd\u0161en\u00ed inflace, z\u00e1vislosti, hladu a poslu\u0161nosti obyvatel evropsk\u00e9ho kontinentu, p\u0159ich\u00e1z\u00ed do hry naru\u0161en\u00e9 logistick\u00e9 \u0159et\u011bzce po cel\u00e9m sv\u011bt\u011b, kter\u00e9 zvy\u0161uj\u00ed konkuren\u010dn\u00ed boj o potraviny nap\u0159\u00edklad mezi USA a EU a d\u00e1le zn\u00e1mky snah o sn\u00ed\u017een\u00ed produkce potravin s pomoc\u00ed exekutivn\u00edch na\u0159\u00edzen\u00ed Evropsk\u00e9 unie <a href=\"https:\/\/nastub.cz\/w\/1LhVANitQAjG19Vms55qYu\" target=\"_blank\" rel=\"noreferrer noopener\">(v\u00edce zde)<\/a>, pr\u00fd jsme moc ob\u00e9zn\u00ed, tak to abychom zhubli.<\/p>\n\n\n\n<p>No to n\u00e1m ta dek\u00e1da p\u011bkn\u011b za\u010d\u00edn\u00e1.<\/p>\n\n\n\n<script async=\"\" src=\"\/\/pagead2.googlesyndication.com\/pagead\/js\/adsbygoogle.js\"><\/script><!-- Automatick\u00e1 velikost reklamy --><ins class=\"adsbygoogle\" style=\"display: block;\" data-ad-client=\"ca-pub-9221645303649413\" data-ad-slot=\"8661693083\" data-ad-format=\"auto\" data-full-width-responsive=\"true\"><\/ins><script>\n(adsbygoogle = window.adsbygoogle || []).push({});\n<\/script><br>\n\n\n\n<p><strong>Celosv\u011btov\u00e1 agenda<\/strong><\/p>\n\n\n\n<div class=\"wp-block-image\"><figure class=\"alignleft size-large is-resized\"><img loading=\"lazy\" decoding=\"async\" src=\"https:\/\/www.jindrichsmitka.cz\/wp-content\/uploads\/2020\/03\/close-up-photo-of-person-holding-lensball-2534487-1024x682.jpg\" alt=\"\" class=\"wp-image-2555\" width=\"342\" height=\"227\" srcset=\"https:\/\/www.jindrichsmitka.cz\/wp-content\/uploads\/2020\/03\/close-up-photo-of-person-holding-lensball-2534487-1024x682.jpg 1024w, https:\/\/www.jindrichsmitka.cz\/wp-content\/uploads\/2020\/03\/close-up-photo-of-person-holding-lensball-2534487-300x200.jpg 300w, https:\/\/www.jindrichsmitka.cz\/wp-content\/uploads\/2020\/03\/close-up-photo-of-person-holding-lensball-2534487-768x512.jpg 768w, https:\/\/www.jindrichsmitka.cz\/wp-content\/uploads\/2020\/03\/close-up-photo-of-person-holding-lensball-2534487-150x100.jpg 150w, https:\/\/www.jindrichsmitka.cz\/wp-content\/uploads\/2020\/03\/close-up-photo-of-person-holding-lensball-2534487-696x464.jpg 696w, https:\/\/www.jindrichsmitka.cz\/wp-content\/uploads\/2020\/03\/close-up-photo-of-person-holding-lensball-2534487-1068x712.jpg 1068w, https:\/\/www.jindrichsmitka.cz\/wp-content\/uploads\/2020\/03\/close-up-photo-of-person-holding-lensball-2534487.jpg 1280w\" sizes=\"auto, (max-width: 342px) 100vw, 342px\" \/><figcaption>Sv\u011bt vzh\u016fru nohama<\/figcaption><\/figure><\/div>\n\n\n\n<p>Je d\u016fle\u017eit\u00e9 podotknout, \u017ee by\u0165 v\u011bt\u0161ina z t\u011bchto opat\u0159en\u00ed je nyn\u00ed nejviditeln\u011bji prosazov\u00e1na Evropskou uni\u00ed, tak se jedn\u00e1 o celosv\u011btovou agendu, ke kter\u00e9 se zav\u00e1zaly t\u00e9m\u011b\u0159 v\u0161echny st\u00e1ty sv\u011bta. A dal\u0161\u00ed prohlubov\u00e1n\u00ed nerovnov\u00e1hy a vy\u010dle\u0148ov\u00e1n\u00ed osob ze syst\u00e9mu bude pod touto agendou prob\u00edhat i d\u00e1le.<\/p>\n\n\n\n<p>Inflace vyvol\u00e1van\u00e1 um\u011ble formou ti\u0161t\u011bn\u00ed pen\u011bz prob\u00edh\u00e1 ji\u017e nyn\u00ed v celosv\u011btov\u00e9m m\u011b\u0159\u00edtku koordinovan\u00e9m centr\u00e1ln\u00edmi bankami. Zvy\u0161ov\u00e1n\u00ed \u00farovn\u00ed zadlu\u017een\u00ed a tlak na likvidaci \u00faspor je tak\u00e9 celosv\u011btov\u00fd fenom\u00e9n.<\/p>\n\n\n\n<p>Tato agenda je c\u00edlen\u00e1, pl\u00e1novan\u00e1 a naprosto z\u00e1m\u011brn\u00e1. Tyto efekty nevznikaj\u00ed n\u00e1hodou jako n\u011bjak\u00fd vedlej\u0161\u00ed efekt jak\u00e9si pozitivn\u00ed evoluce, ale jako sou\u010d\u00e1st totalitn\u00edho pl\u00e1nu.<\/p>\n\n\n\n<p><strong>Dohled, kontrola, poslu\u0161nost<\/strong><\/p>\n\n\n\n<p>Uveden\u00e9 d\u016fsledky politiky Agendy 2030 jsou jen n\u011bkter\u00e9 negativn\u00ed jevy z celkov\u00e9ho v\u00fd\u010dtu.<\/p>\n\n\n\n<p>Cel\u00e1 tato agenda je prov\u00e1zen\u00e1 s\u00edl\u00edc\u00edm pror\u016fst\u00e1n\u00edm st\u00e1t\u016f, jejich po\u017eadavk\u016f a kontroly do ka\u017edodenn\u00edho \u017eivota obyvatel. Tato agenda sni\u017euje mo\u017enost v\u00fdb\u011bru, omezuje volby do \u00fazk\u00e9ho koridoru jak\u00fdchsi povolen\u00fdch mo\u017enost\u00ed, o kter\u00fdch kdosi rozhodl, \u017ee jsou spr\u00e1vn\u00e9.<\/p>\n\n\n\n<p>Tato agenda pou\u017e\u00edv\u00e1 k prosazov\u00e1n\u00ed sv\u00e9ho vlivu upsan\u00e9 vl\u00e1dy, m\u00e9dia i korporace. A to pochopiteln\u011b ty nejv\u011bt\u0161\u00ed s nejsiln\u011bj\u0161\u00edm vlivem a nejl\u00e9pe mezin\u00e1rodn\u00ed a je\u0161t\u011b l\u00e9pe nik\u00fdm ne\u0159\u00edzen\u00e9 bez jak\u00e9koli odpov\u011bdnosti. Ti ostatn\u00ed mal\u00ed a men\u0161\u00ed se bu\u010f p\u0159idaj\u00ed nebo odpadnou.<\/p>\n\n\n\n<p>A u\u017e nyn\u00ed skl\u00edz\u00edme d\u016fsledky. Ruku v ruce se zav\u00e1d\u011bn\u00edm opat\u0159en\u00ed v r\u00e1mci Agendy 2030 jde n\u00e1tlak, dohled, kontrola a vynucov\u00e1n\u00ed poslu\u0161nosti.<\/p>\n\n\n\n<p>Op\u011bt je t\u0159eba zd\u016fraznit, \u017ee totalitn\u00edm n\u00e1strojem kontroly v oblasti p\u0159ed\u00e1n\u00ed rozhodovac\u00edch pravomoc\u00ed o vlastn\u00edm zdrav\u00ed a t\u011ble z jednotlivce na korporace a st\u00e1ty jsou o\u010dkovac\u00ed certifik\u00e1ty s QR k\u00f3dem takzvan\u00e9 kovidov\u00e9 nebo zelen\u00e9 pasy.<\/p>\n\n\n\n<p>Vlastn\u00ed t\u011blo je posledn\u00ed bari\u00e9ra, do kter\u00e9 se tito paraziti sna\u017e\u00ed nabourat. D\u00e1le ji\u017e nen\u00ed kam j\u00edt.<\/p>\n\n\n\n<p><strong>Omezov\u00e1n\u00ed, penalizace a donucov\u00e1n\u00ed<\/strong><\/p>\n\n\n\n<p>Neposlu\u0161nost se trest\u00e1. Poslu\u0161nost odm\u011b\u0148uje. Star\u00e1 dobr\u00e1 metoda cukru a bi\u010de funguje st\u00e1le stejn\u011b dob\u0159e. A to v ka\u017ed\u00e9 oblasti \u017eivota lid\u00ed. A n\u00e1stroje, kter\u00e9 se v sou\u010dasn\u00e9 dob\u011b vym\u00fd\u0161lej\u00ed a implementuj\u00ed jdou fa\u0161ismu na ruku.<\/p>\n\n\n\n<p>Heslem t\u00e9to agendy je: <em>\u201enikdo nesm\u00ed z\u016fstat pozadu.\u201c<\/em> Tak\u017ee b\u016fh n\u00e1s chra\u0148.<\/p>\n\n\n\n<script async=\"\" src=\"\/\/pagead2.googlesyndication.com\/pagead\/js\/adsbygoogle.js\"><\/script><!-- Automatick\u00e1 velikost reklamy --><ins class=\"adsbygoogle\" style=\"display: block;\" data-ad-client=\"ca-pub-9221645303649413\" data-ad-slot=\"8661693083\" data-ad-format=\"auto\" data-full-width-responsive=\"true\"><\/ins><script>\n(adsbygoogle = window.adsbygoogle || []).push({});\n<\/script><br>\n\n\n\n<p><strong>Nemohou ud\u011blat nic, co si lid\u00e9 proti \u010demu se lid\u00e9 postav\u00ed<\/strong><\/p>\n\n\n\n<p>Na\u0161t\u011bst\u00ed nen\u00ed v\u0161em dn\u016fm konec a tato agenda se st\u00e1le teprve rozj\u00ed\u017ed\u00ed. Je p\u0159itom st\u00e1le v\u00edce lid\u00ed, kte\u0159\u00ed si uv\u011bdomili o co se jedn\u00e1 a vzdoruj\u00ed.<\/p>\n\n\n\n<p>K zastaven\u00ed tohoto fa\u0161ismu nen\u00ed t\u0159eba v\u011bt\u0161ina populace, sta\u010d\u00ed odhodlan\u00e1 a vytrval\u00e1 men\u0161ina, kter\u00e1 se nenech\u00e1 zastra\u0161it ani zlomit.<\/p>\n\n\n\n<p>Jak psal velk\u00fd \u010desk\u00fd vizion\u00e1\u0159 Karel \u010capek v d\u00edle V\u00e1lka s mloky <a class=\"heureka-hn-link\" data-trixam-positionid=\"142177\" href=\"https:\/\/www.heureka.cz\/?h%5Bfraze%5D=v%C3%A1lka+s+mloky#utm_source=jindrichsmitka.cz&amp;utm_medium=affiliate&amp;utm_campaign=20809&amp;utm_content=Text%20link\" target=\"_blank\" rel=\"noopener noreferrer\">(zde)<\/a><script><\/script>, tak jedin\u00fd zp\u016fsob jak m\u016f\u017ee totalita dob\u00edt sv\u011bt, je kdy\u017e jim k tomu drtiv\u00e1 v\u011bt\u0161ina populace pom\u016f\u017ee, by\u0165 jen t\u00edm, \u017ee nic ned\u011bl\u00e1. V jednom popisu knihy V\u00e1lka s mloky se p\u00ed\u0161e:<\/p>\n\n\n\n<blockquote class=\"wp-block-quote is-layout-flow wp-block-quote-is-layout-flow\"><p>&#8222;Autor ve sv\u00e9m slavn\u00e9m rom\u00e1nu popisuje nezadr\u017eitelnou invazi nep\u0159\u00e1telsk\u00e9 s\u00edly, kter\u00e1 byla zpo\u010d\u00e1tku bezv\u00fdznamn\u00e1, ba sm\u011b\u0161n\u00e1. Z\u00e1rove\u0148 v\u0161ak upozor\u0148uje na skute\u010dnost, \u017ee demokratick\u00e9 s\u00edly ji ve sv\u00e9m d\u016fsledku podporovali a t\u00edm p\u00e1dem se spolupod\u00edleli na sv\u00e9m zni\u010den\u00ed.&#8220;<\/p><\/blockquote>\n\n\n\n<p>Krok po kroku a kus za kusem si lid\u00e9 mus\u00ed nechat br\u00e1t svobodu a okle\u0161\u0165ovat to k\u00fdm jsou. Jakmile ale za\u010dnou vzdorovat, nejl\u00e9pe v\u010das, totalita nem\u00e1 \u0161anci.<\/p>\n\n\n\n<p>Sta\u010d\u00ed p\u0159estat tuto agendu (jej\u00ed\u017e sou\u010d\u00e1st\u00ed a p\u0159edvojem je i totalitn\u00ed kovidov\u00e1 agenda) podporovat a r\u00e1zem p\u0159estane m\u00edt s\u00edlu. A to m\u016f\u017ee ud\u011blat ka\u017ed\u00fd z V\u00e1s.<\/p>\n\n\n\n<p><strong>Co tedy m\u016f\u017eete jako jednotlivci d\u011blat?<\/strong><\/p>\n\n\n\n<ol class=\"wp-block-list\"><li><strong>P\u0159esta\u0148me sledovat l\u017eivou propagandu<\/strong> v televizi, dal\u0161\u00edch m\u00e9di\u00edch a na soci\u00e1ln\u00edch s\u00edt\u00edch, kter\u00e9 st\u00e1le dokola \u0161\u00ed\u0159\u00ed strach. A <strong>p\u0159esta\u0148me se b\u00e1t<\/strong>. M\u016f\u017eete vyzkou\u0161et chodit hodn\u011b do p\u0159\u00edrody, kde je sv\u011bt st\u00e1le v po\u0159\u00e1dku a dop\u0159\u00e1t si tak digit\u00e1ln\u00ed, informa\u010dn\u00ed a my\u0161lenkov\u00fd detox <a href=\"https:\/\/www.jindrichsmitka.cz\/2018\/06\/18\/jak-na-digitalni-detox\/\" target=\"_blank\" rel=\"noreferrer noopener\">(\u010dt\u011bte zde)<\/a>.<\/li><li><strong>P\u0159esta\u0148me uzn\u00e1vat autoritu<\/strong> t\u011bch, kte\u0159\u00ed si ji nezaslou\u017e\u00ed, a kte\u0159\u00ed zneu\u017e\u00edvaj\u00ed na\u0161i d\u016fv\u011bru proti n\u00e1m.<\/li><li><strong>Pou\u017e\u00edvejme vlastn\u00ed rozum<\/strong> a nenechme si diktovat co m\u00e1me d\u011blat od televize, vl\u00e1dy, doktor\u016f, u\u010ditel\u016f a dal\u0161\u00edch, kte\u0159\u00ed se tv\u00e1\u0159\u00ed jako autorita a mohou sv\u00e9 pozice zneu\u017e\u00edvat v neprosp\u011bch lid\u00ed.<\/li><li><strong>Spojte se s dal\u0161\u00edmi bojovn\u00edky za svobodu<\/strong> a postupujme jednotn\u011b proti totalit\u011b. Mnoh\u00e9 z nich najdete sjednocen\u00e9 pod hlavi\u010dkou Zdrav\u00e9 f\u00f3rum <a href=\"https:\/\/www.zdraveforum.cz\/\" target=\"_blank\" rel=\"noreferrer noopener\">(zde)<\/a>, Zlat\u00fd \u0161pendl\u00edk <a href=\"https:\/\/zlatyspendlik.cz\/\" target=\"_blank\" rel=\"noreferrer noopener\">(zde)<\/a> a v oblasti pr\u00e1va tak\u00e9 institut pr\u00e1va Prolibertate <a href=\"https:\/\/www.prolibertate.cz\/\" target=\"_blank\" rel=\"noreferrer noopener\">(zde)<\/a>, kter\u00fd z\u00e1sobuje n\u00e1s v\u0161echny pr\u00e1vn\u00edmi zbran\u011bmi, argumenty a podklady, kter\u00e9 m\u016f\u017eete pou\u017e\u00edvat vy v\u0161ichni p\u0159i prosazov\u00e1n\u00ed vlastn\u00edch pr\u00e1v.<\/li><li><strong>Hledejme vlastn\u00ed sm\u011br vp\u0159ed<\/strong> s vyu\u017eit\u00edm dostupn\u00fdch technologi\u00ed za p\u0159ijateln\u00e9 ceny, bez sou\u010dasn\u00e9ho ohro\u017een\u00ed budoucnosti n\u00e1s v\u0161ech a stability sv\u011bta, ve kter\u00e9m \u017eijeme.<\/li><li><strong>Podporujme vlastn\u00ed autonomii, suverenitu na\u0161\u00ed zem\u011b, na\u0161\u00ed identitu a sv\u00e9bytnost<\/strong>. By\u0165 za cenu vystoupen\u00ed z Evropsk\u00e9 unie a dal\u0161\u00edch mezin\u00e1rodn\u00edch instituc\u00ed.<\/li><li><strong>Zajist\u011bme si finan\u010dn\u00ed budoucnost a stabilitu<\/strong> i jin\u00fdmi zp\u016fsoby, ne\u017e zam\u011bstn\u00e1n\u00edm a \u00fasporami v bance, t\u0159eba i v kryptom\u011bn\u00e1ch <a href=\"http:\/\/<script async=&quot;&quot; src=&quot;\/\/pagead2.googlesyndication.com\/pagead\/js\/adsbygoogle.js&quot;&gt;<\/script&gt;<!-- Automatick\u00e1 velikost reklamy --&gt;<ins class=&quot;adsbygoogle&quot; style=&quot;display: block;&quot; data-ad-client=&quot;ca-pub-9221645303649413&quot; data-ad-slot=&quot;8661693083&quot; data-ad-format=&quot;auto&quot; data-full-width-responsive=&quot;true&quot;&gt;<\/ins&gt;<script&gt; (adsbygoogle = window.adsbygoogle || []).push({}); <\/script&gt;<br&gt;\" target=\"_blank\" rel=\"noreferrer noopener\">(psal jsem zde)<\/a>.<\/li><li>Hledejme cesty ke<strong> zv\u00fd\u0161en\u00ed potravinov\u00e9 bezpe\u010dnosti a sob\u011bsta\u010dnosti<\/strong> bez nutnosti 100% z\u00e1vislosti na nestabiln\u00edch obchodn\u00edch \u0159et\u011bzc\u00edch. A to pro sebe samotn\u00e9 i v oblasti na\u0161eho st\u00e1tu.<\/li><\/ol>\n\n\n\n<p class=\"has-text-align-center\">  &#8212; konec \u010dl\u00e1nku &#8212;<\/p>\n\n\n\n<p><em>D\u00e1l se m\u016f\u017eete pod\u00edvat na Videobesedu o pouti do Santiaga de Compostela <a href=\"https:\/\/www.jindrichsmitka.cz\/produkt\/videobeseda-3-000-kilometru-pesky-do-santiaga-de-compostela\/\" target=\"_blank\" rel=\"noreferrer noopener\">(zde)<\/a> a t\u0159eba si p\u0159itom i trochu vy\u010distit hlavu. I nad\u00e1le se v\u0161ak m\u016f\u017eete t\u011b\u0161it na dal\u0161\u00ed zaj\u00edmav\u00e1 t\u00e9mata. Rozhodn\u011b se proto <strong>zapi\u0161te k odb\u011bru novinek<\/strong> do formul\u00e1\u0159e n\u00ed\u017ee, aby V\u00e1m nic neuniklo nebo <strong>podpo\u0159te provoz<\/strong> tohoto blogu p\u0159\u00edsp\u011bvkem <a href=\"https:\/\/www.jindrichsmitka.cz\/2019\/04\/13\/podporte-dalsi-rozvoj-blogu\">(v\u00edce zde)<\/a>.<\/em><\/p>\n\n\n\n<p><strong>P\u0159ihl\u00e1sit k odb\u011bru novinek:<\/strong> [mc4wp_form id=&#8220;175&#8243;]<\/p>\n","protected":false},"excerpt":{"rendered":"<p>Agenda 2030: Poslu\u0161nost, z\u00e1vislost a kontrola v oblasti pen\u011bz, energi\u00ed, zdrav\u00ed, zem\u011bd\u011blstv\u00ed a v podstat\u011b v\u0161ech aspektech \u017eivota \u010dlov\u011bka. Toto je upozorn\u011bn\u00ed na cestu, po kter\u00e9 kr\u00e1\u010d\u00edme k totalit\u011b. Vizion\u00e1\u0159 \u010capek a jeho V\u00e1lka s mloky a Orwellovsk\u00fd 1984 v jednom. Co m\u016f\u017eete pro pozitivn\u00ed zm\u011bnu ud\u011blat?<\/p>\n","protected":false},"author":2,"featured_media":3715,"comment_status":"closed","ping_status":"closed","sticky":false,"template":"","format":"standard","meta":{"_jetpack_memberships_contains_paid_content":false,"footnotes":""},"categories":[1354],"tags":[1355,1356,1357],"class_list":["post-3713","post","type-post","status-publish","format-standard","has-post-thumbnail","hentry","category-spolecnost","tag-agenda-2030","tag-dohled","tag-spolecnost"],"aioseo_notices":[],"jetpack_featured_media_url":"https:\/\/www.jindrichsmitka.cz\/wp-content\/uploads\/2021\/10\/pexels-pixabay-220443.jpg","jetpack_sharing_enabled":true,"_links":{"self":[{"href":"https:\/\/www.jindrichsmitka.cz\/index.php\/wp-json\/wp\/v2\/posts\/3713","targetHints":{"allow":["GET"]}}],"collection":[{"href":"https:\/\/www.jindrichsmitka.cz\/index.php\/wp-json\/wp\/v2\/posts"}],"about":[{"href":"https:\/\/www.jindrichsmitka.cz\/index.php\/wp-json\/wp\/v2\/types\/post"}],"author":[{"embeddable":true,"href":"https:\/\/www.jindrichsmitka.cz\/index.php\/wp-json\/wp\/v2\/users\/2"}],"replies":[{"embeddable":true,"href":"https:\/\/www.jindrichsmitka.cz\/index.php\/wp-json\/wp\/v2\/comments?post=3713"}],"version-history":[{"count":0,"href":"https:\/\/www.jindrichsmitka.cz\/index.php\/wp-json\/wp\/v2\/posts\/3713\/revisions"}],"wp:featuredmedia":[{"embeddable":true,"href":"https:\/\/www.jindrichsmitka.cz\/index.php\/wp-json\/wp\/v2\/media\/3715"}],"wp:attachment":[{"href":"https:\/\/www.jindrichsmitka.cz\/index.php\/wp-json\/wp\/v2\/media?parent=3713"}],"wp:term":[{"taxonomy":"category","embeddable":true,"href":"https:\/\/www.jindrichsmitka.cz\/index.php\/wp-json\/wp\/v2\/categories?post=3713"},{"taxonomy":"post_tag","embeddable":true,"href":"https:\/\/www.jindrichsmitka.cz\/index.php\/wp-json\/wp\/v2\/tags?post=3713"}],"curies":[{"name":"wp","href":"https:\/\/api.w.org\/{rel}","templated":true}]}}