{"id":466,"date":"2016-11-19T06:00:13","date_gmt":"2016-11-19T05:00:13","guid":{"rendered":"http:\/\/jindrichsmitka.cz\/?p=466"},"modified":"2016-11-19T06:00:13","modified_gmt":"2016-11-19T05:00:13","slug":"bizardni-pribehy-finisterske","status":"publish","type":"post","link":"https:\/\/www.jindrichsmitka.cz\/index.php\/2016\/11\/19\/bizardni-pribehy-finisterske\/","title":{"rendered":"Bizardn\u00ed p\u0159\u00edb\u011bhy Finistersk\u00e9"},"content":{"rendered":"<p><strong>M\u016fj pobyt na konci sv\u011bta je u konce. Za m\u011bs\u00edc se tu p\u0159ihodilo mno\u017estv\u00ed zvrat\u016f a podivn\u00fdch ud\u00e1lost\u00ed. Prvn\u00ed t\u00fdden jsem m\u011bl docela radost, \u017ee jsem se tu tak snadno uchytil. Radost v\u0161ak za\u010dala brzy ustupovat, jeliko\u017e jsem si za\u010dal uv\u011bdomovat, \u017ee tady n\u011bco nesed\u00ed. V\u0161e jsem ale zd\u00e1rn\u011b p\u0159e\u017eil a na z\u00e1v\u011br m\u011b \u010dekalo p\u0159edstaven\u00ed.<\/strong><\/p>\n<figure id=\"attachment_472\" aria-describedby=\"caption-attachment-472\" style=\"width: 300px\" class=\"wp-caption alignleft\"><a href=\"https:\/\/www.jindrichsmitka.cz\/wp-content\/uploads\/2016\/11\/Z\u00e1liv-u-Fisterry.jpg\"><img loading=\"lazy\" decoding=\"async\" class=\"size-medium wp-image-472\" src=\"https:\/\/www.jindrichsmitka.cz\/wp-content\/uploads\/2016\/11\/Z\u00e1liv-u-Fisterry-300x180.jpg\" alt=\"Z\u00e1liv na konci sv\u011bta ve \u0161pan\u011blsk\u00e9 obci FIsterra\" width=\"300\" height=\"180\" \/><\/a><figcaption id=\"caption-attachment-472\" class=\"wp-caption-text\">Z\u00e1liv Fisterra<\/figcaption><\/figure>\n<p>P\u0159i n\u00e1stupu jsem odk\u00fdval, \u017ee budu pracovat cca 5 a\u017e 7 hodin podle toho, jak bude pot\u0159eba. To jsem v\u0161ak p\u0159edpokl\u00e1dal, \u017ee v\u00edce pr\u00e1ce tak\u00e9 znamen\u00e1 v\u00edce volna. To jsem se z\u0159ejm\u011b p\u0159epo\u010d\u00edtal. Majitel hostelu Miguel z\u0159ejm\u011b nepochopil, \u017ee za stravu a ubytov\u00e1n\u00ed lid\u00e9 necht\u011bj\u00ed pracovat 7 hodin denn\u011b 7 dn\u00ed v\u00a0t\u00fddnu. Alespo\u0148 teda j\u00e1 ne.<\/p>\n<p>Po prvn\u00edch n\u011bkolika dnech, kdy Miguel i jeho p\u0159\u00edtelkyn\u011b Jana chodili okolo a ustavi\u010dn\u011b se sna\u017eili tla\u010dit dobrovoln\u00edky k n\u011bjak\u00e9 \u010dinnosti, jsem si stanovil vlastn\u00ed re\u017eim na p\u011bt hodin na den. Kdy\u017e nebyli poutn\u00edci-n\u00e1v\u0161t\u011bvn\u00edci, nebylo ani co d\u011blat. P\u0159esto si hostitel\u00e9 neust\u00e1le vym\u00fd\u0161leli n\u011bjak\u00e9 \u010dinnosti, kter\u00e9 je t\u0159eba d\u011blat, jako opakovan\u00e9 \u010dist\u011bn\u00ed kuchyn\u011b \u010di st\u011bn a podobn\u00e9 nesmysly. Jednou za m\u011bs\u00edc je to mo\u017en\u00e1 u\u017eite\u010dn\u00e9, ale ne n\u011bkolikr\u00e1t t\u00fddn\u011b.<\/p>\n<p>Holky na recepci m\u011bly dokonce sedmi hodinov\u00e9 sm\u011bny, p\u0159i kter\u00fdch se nezastavily. V\u017edycky bylo zkr\u00e1tka n\u011bco, co Miguelovi nebylo po chuti. Chodil neust\u00e1le kolem, \u0161klebil se a nemluvil. D\u011bv\u010data si proto vym\u00fd\u0161lela z\u00e1bavu nap\u0159\u00edklad opakovan\u00fdm \u017eehlen\u00edm v\u011bc\u00ed ji\u017e vy\u017eehlen\u00fdch, zamet\u00e1n\u00edm ji\u017e zameten\u00e9ho atp.<\/p>\n<p><strong>J\u00eddlo na vy\u017e\u00e1d\u00e1n\u00ed, ale sp\u00ed\u0161 m\u00e9n\u011b<\/strong><\/p>\n<p>Od za\u010d\u00e1tku bylo v\u0161echno j\u00eddlo uskladn\u011bno v\u00a0kuchyni majitele, v dom\u011b naproti hostelu. Obvykle nebyl probl\u00e9m si tam pro n\u011bco doj\u00edt, ale u\u017e jen ten pocit, \u017ee se \u010dlov\u011bk mus\u00ed poka\u017ed\u00e9 pt\u00e1t, kdy\u017e chce sn\u00edst t\u0159eba kousek chleba s\u00a0marmel\u00e1dou, byl p\u0159inejmen\u0161\u00edm podivn\u00fd. Nikdo tam proto necht\u011bl chodit.<\/p>\n<p>\u010casem mi dokonce p\u0159i\u0161lo, \u017ee se \u00famysln\u011b sna\u017e\u00ed j\u00eddlo schov\u00e1vat, aby toho dobrovoln\u00edci tolik nesn\u011bdli. Obzvl\u00e1\u0161\u0165 kdy\u017e mi jednou r\u00e1no beze slova vytrhl z\u00a0ruky pytl\u00edk s m\u00fcsli. To r\u00e1no jsem se bohu\u017eel moc nenajedl. Sice se pak uk\u00e1zalo, \u017ee jen bylo m\u00e1lo z\u00e1sob a z\u0159ejm\u011b je cht\u011bl uchovat pro hosty na sn\u00eddani, a n\u00e1m nechat jen samotn\u00e9 ovesn\u00e9 vlo\u010dky. Bez vysv\u011btlen\u00ed ale nic moc pocit. Nemluv\u011b o tom, \u017ee cenov\u011b vy\u0161ly prakticky nastejno.<\/p>\n<p>Jeliko\u017e r\u00e1d j\u00edm, tak to cel\u00e9 bylo obzvl\u00e1\u0161\u0165 pro m\u011b dost nep\u0159\u00edjemn\u00e9. P\u0159i ka\u017ed\u00e9 n\u00e1v\u0161t\u011bv\u011b kuchyn\u011b jsem si proto rad\u011bji p\u0159inesl co nejv\u00edc, nejl\u00e9pe kdy\u017e byl zrovna pry\u010d, a schov\u00e1val j\u00eddlo v\u00a0poli\u010dk\u00e1ch pro dobrovoln\u00edky.<\/p>\n<p><strong>Pauzy i p\u0159es n\u00e1tlak<\/strong><\/p>\n<p>J\u00e1 a ma\u010farsk\u00fd kolega jsme pro za\u010d\u00e1tek dostali na za \u00fakol \u010di\u0161t\u011bn\u00ed zahrady. Po n\u011bkolika dnech zbyte\u010dn\u00e9ho stresu, kdy n\u00e1m Miguel prakticky st\u00e1l za z\u00e1dy, jsem za\u010dal st\u00e1vkovat. Dop\u0159\u00e1vali jsem si pravideln\u00e9 pauzy jako ka\u017ed\u00fd, kdo pracuje dobrovoln\u011b bez n\u00e1roku na honor\u00e1\u0159.<\/p>\n<p>M\u016fj ma\u010farsk\u00fd kolega m\u011bl neust\u00e1le obavu, \u017ee ho dokonce vyhod\u00ed. Uzn\u00e1v\u00e1m, \u017ee byl opravdu hodn\u011b pomal\u00fd a sp\u00ed\u0161 post\u00e1val kolem a hu\u010del mi do hlavy, ne\u017e aby n\u011bco tvo\u0159il. Chv\u00edli tak skute\u010dn\u011b vypadalo, \u017ee p\u016fjde nedobrovoln\u011b d\u00e1l, kdy\u017e jsem se dozv\u011bd\u011bl, \u017ee to \u201em\u00e1 nahnut\u00fd\u201c. Po n\u011bkolika dnech se v\u0161ak trochu vzpamatoval a za\u010dal i trochu proaktivn\u011b kopat.<\/p>\n<p>Miguel se n\u00e1s ob\u010das sna\u017eil motivovat t\u00edm, \u017ee n\u00e1m na p\u00e1r minut uk\u00e1zal, jak se rychle okop\u00e1v\u00e1 zahrada. P\u0159itom se rychle zpotil a brzy zmizel. V\u0161e beze slov a nejl\u00e9pe kdy\u017e jsme m\u011bli oddechovou pauzu.<\/p>\n<p><strong>Reakce po nemoci<\/strong><\/p>\n<p>Zaj\u00edmav\u00e1 tak\u00e9 byla Miguelova reakce po m\u00e9 nemoci. Koupal jsem se v\u00a0oce\u00e1nu, na\u010de\u017e jsem si z\u0159ejm\u011b podchladil \u017ealudek, co\u017e m\u011b p\u011bkn\u011b rozhodilo a dva dny jsem str\u00e1vil se\u00a0zimnic\u00ed a pr\u016fjmem. Kdy\u017e jsem se dal dohromady, cht\u011bl jsem zah\u00e1jit \u010dinnost snaz\u0161\u00ed prac\u00ed p\u0159i \u00faklidu koupelen. Miguel mi v\u0161ak ozn\u00e1mil, \u017ee jsem ji\u017e uvnit\u0159 str\u00e1vil dost \u010dasu a m\u00e1m se j\u00edt prov\u011btrat na zahradu. Samoz\u0159ejm\u011b s\u00a0n\u00e1ro\u010dn\u011bj\u0161\u00ed prac\u00ed.<\/p>\n<p>Jinak prakticky nic ne\u0159\u00edkal. Jen chodil kolem a koukal. Vlastn\u011b ani s\u00e1m nic ned\u011blal. Na \u017e\u00e1dnou ot\u00e1zku se mi nedostalo po\u0159\u00e1dn\u00e9ho vysv\u011btlen\u00ed. Nakonec se mi je\u0161t\u011b doneslo, \u017ee pr\u00fd postr\u00e1d\u00e1me iniciativu a nav\u00edc se moc pt\u00e1me, co m\u00e1me vlastn\u011b d\u011blat.<\/p>\n<p>Zhruba v\u00a0polovin\u011b u\u017e to tu bylo tak bizardn\u00ed, \u017ee jsem se cht\u011bl i bez pen\u011bz jen tak sbalit a prost\u011b zmizet. A nebyl jsem s\u00e1m.<\/p>\n<p><strong>Lid\u00e9 postupn\u011b odpad\u00e1vali<\/strong><\/p>\n<p>Objevil se tu \u0161pan\u011blsk\u00fd dobrovoln\u00edk z\u00a0<strong>Madridu<\/strong>. Krom\u011b toho, \u017ee to byl o\u010dividn\u011b lempl a s\u00a0tvrzen\u00edm, \u017ee je zahradn\u00edk, neum\u011bl ani po\u0159\u00e1dn\u011b vyplet z\u00e1hon, tak vydr\u017eel jen dva dny. Pracoval p\u0159itom pouze jeden den. Druh\u00fd ve\u010der prost\u011b ozn\u00e1mil, \u017ee kon\u010d\u00ed a pak zmizel.<\/p>\n<p>Hol\u010dina z\u00a0Litvy pracuj\u00edc\u00ed na recepci u\u017e od m\u00e9ho p\u0159\u00edchodu lamentovala, \u017ee za dva a p\u016fl m\u011bs\u00edce nem\u011bla ani den volna. Jako odpov\u011b\u010f se j\u00ed od Miguela dostalo, \u017ee m\u00e1 p\u0159ece ka\u017ed\u00fd t\u00fdden t\u0159i dny volna s\u00a0vysv\u011btlen\u00edm, \u017ee jeden den rann\u00ed sm\u011bna a druh\u00fd odpoledn\u00ed p\u0159ece d\u00e1 dohromady cel\u00fd jeden den volna. \u00da\u017easn\u00e9 vysv\u011btlen\u00ed, p\u0159i n\u011bm\u017e hol\u010dina pomalu probubl\u00e1vala.<\/p>\n<p><strong>P\u0159\u00edtelkyn\u011b nebo slu\u017eka<\/strong><\/p>\n<p>Jeho p\u0159\u00edtelkyn\u011b Jana byla dal\u0161\u00edm p\u0159\u00edkladem. Vydr\u017eela tu asi rok a p\u016fl. P\u0159i\u0161lo mi, \u017ee pracovala za dva. \u00a0Byla z\u00e1rove\u0148 velk\u00fdm zdrojem stresu v na\u0161\u00ed mal\u00e9 komunit\u011b. Byla tak\u00e9 asi jedin\u00e1 kdo mluvil s Miguelem a p\u0159in\u00e1\u0161ela zpr\u00e1vy o tom, jak je s k\u00fdm nespokojen\u00fd. Dozv\u011bd\u011bl jsem se od n\u00ed, \u017ee p\u0159esto\u017ee je jeho p\u0159\u00edtelkyn\u011b, tak pro n\u011bj tak\u00e9 za mzdu pracuje v hostelu pracuje. Prost\u011b nen\u00ed nad pr\u00e1ci pro \u010distou l\u00e1sku.<\/p>\n<p>V jednu chv\u00edli jsme se dozv\u011bd\u011bli, \u017ee odj\u00ed\u017ed\u00ed. P\u0159itom se je\u0161t\u011b odehr\u00e1la sc\u00e9na, kdy po\u017e\u00e1dala o pomoc s n\u00e1kupem letenky dobrovoln\u00edky, proto\u017ee nem\u011bla \u00fa\u010det ani platebn\u00ed kartu. J\u00e1 ani Ma\u010far jsme \u017e\u00e1dn\u00e9 pen\u00edze nem\u011bli. Ostatn\u00ed hol\u010diny odm\u00edtly z obavy, \u017ee by jejich karetn\u00ed \u00fadaje mohly b\u00fdt zneu\u017eity. Asi to nebylo nijak m\u00ed\u0159en\u00e9 na Janu, ale prost\u011b jen vznikl v\u0161eobecn\u00fd deficit d\u016fv\u011bry.<\/p>\n<p><strong>Ve\u010der odpov\u011bd\u00ed, bez odpov\u011bd\u00ed<\/strong><\/p>\n<p>M\u011bli jsme k\u00a0p\u0159\u00edle\u017eitosti jej\u00edho odjezdu spole\u010dnou ve\u010de\u0159i. V\u0161ichni si v\u00a0r\u00e1mci v\u0161eobecn\u00e9ho zmatku p\u0159ipravovali ot\u00e1zky na MIguela, proto\u017ee z\u00a0dobrovoln\u00edk\u016f nikdo nech\u00e1pal, pro\u010d se chov\u00e1 jako kret\u00e9n a prakticky zab\u00edj\u00ed toto bezesporu \u00fa\u017easn\u00e9 m\u00edsto.<\/p>\n<p>Str\u00e1vili jsme cel\u00fd ve\u010der vyzv\u00edd\u00e1n\u00edm, pro\u010d to \u010di ono, p\u0159i\u010dem\u017e jsme se nedozv\u011bd\u011bli v\u016fbec nic. Tak n\u011bjak se ve v\u0161eobecn\u00e9 nasranosti zapomn\u011bla na Janu, kter\u00e1 n\u00e1m cel\u00fd ve\u010der tlumo\u010dila, a nakonec utekla s pl\u00e1\u010dem a se slovy, \u017ee: \u201etakov\u00fd sra\u010dky tu musela \u0159e\u0161it celou dobu\u201c.<\/p>\n<p>Alespo\u0148 minim\u00e1ln\u00edm oddechov\u00fdm \u010dasem pro v\u0161echny bylo, \u017ee ji Miguel odvezl na leti\u0161t\u011b do Barcelony, a proto jsme ho bezm\u00e1la t\u0159i dny nevid\u011bli. V\u00a0mezi\u010dase jsme v\u00a0klidu obstarali v\u0161e pot\u0159ebn\u00e9 pro chod hostelu a je\u0161t\u011b si u toho odpo\u010dali.<\/p>\n<p>N\u00e1hodou jsem se tak\u00e9 dozv\u011bd\u011bl, \u017ee i p\u0159edchoz\u00ed dobrovoln\u00edci odj\u00ed\u017ed\u011bli nasran\u00ed. Jeden se po n\u011bkolika dnech prost\u011b jen p\u0159esunul do vedlej\u0161\u00edho hostelu, kde z\u016fstal spokojen\u011b n\u011bkolik dal\u0161\u00edch m\u011bs\u00edc\u016f.<\/p>\n<p><strong>Litevka zmizela, pen\u00edze taky<\/strong><\/p>\n<p>Chv\u00edli po Miguelov\u011b n\u00e1vratu nastal dal\u0161\u00ed zvrat. Hol\u010dina z\u00a0<strong>Litvy<\/strong>, je\u017e tu m\u011bla z\u016fstat a\u017e do p\u016flky prosince, se prost\u011b vypa\u0159ila. Beze slova, bez rozlou\u010den\u00ed. Musela odej\u00edt v\u00a0noci, proto\u017ee ji nikdo ani nevid\u011bl odch\u00e1zet. S\u00a0n\u00ed zmizely i pen\u00edze. Tr\u017eby hostelu za n\u011bkolik dn\u00ed a dokonce i vlastn\u00ed pen\u00edze druh\u00e9 dobrovolnice, je\u017e s\u00a0n\u00ed sd\u00edlela m\u00edstnost.<\/p>\n<p>Tr\u017eby bych je\u0161t\u011b pochopil. S\u00a0odstupem jsme se toti\u017e dozv\u011bd\u011bli, \u017ee byla jako jedin\u00e1 z\u00a0n\u00e1s placen\u00e1. Sice to asi \u017e\u00e1dn\u00fd luxus nebyl, ale z\u0159ejm\u011b i p\u0159esto obdr\u017eela pen\u00edze jen velmi nepravideln\u011b. Nejsp\u00ed\u0161 si t\u00edmto krokem v\u016f\u010di hostelu vynahradila nevyplacenou mzdu. Vym\u00e9st pen\u011b\u017eenku koleg\u016f je v\u0161ak trochu jin\u00e1 k\u00e1va. Moje pen\u011b\u017eenka byla na\u0161t\u011bst\u00ed od p\u0159\u00edjezdu pr\u00e1zdn\u00e1, stejn\u011b jako na\u0161eho ma\u010farsk\u00e9ho kolegy a proto jsme se z\u0159ejm\u011b jej\u00edmu z\u00e1jmu vyhnuli.<\/p>\n<p><strong>Miguel se p\u0159estal zaj\u00edmat<\/strong><\/p>\n<p>Miguel se pak na n\u011bkolik dn\u00ed zav\u0159el ve sv\u00e9m dom\u011b a nikdo ho chv\u00edli nevid\u011bl. Na\u0161t\u011bst\u00ed jsme m\u011bli z\u00e1soby j\u00eddla i instrukce nakupovat v\u0161e pot\u0159ebn\u00e9 pro hostel, v\u010detn\u011b podnikov\u00fdch sn\u00eddan\u00ed. Kdy\u017e vylezl, u\u017e si ho nikdo po\u0159\u00e1dn\u011b nev\u0161\u00edmal. Nejen\u017ee po\u0159\u00e1d nic ne\u0159\u00edkal, ale na\u0161t\u011bst\u00ed krom\u011b vykr\u00fdv\u00e1n\u00ed sm\u011bn za chyb\u011bj\u00edc\u00ed dobrovolnici u\u017e ani nezasahoval do ostatn\u00edho d\u011bn\u00ed. Ze zb\u00fdvaj\u00edc\u00edch dobrovoln\u00edk\u016f v\u0161ichni v\u011bd\u011bli, co maj\u00ed d\u011blat, aby v\u0161echno fungovalo, jak m\u00e1.<\/p>\n<p>Do t\u00e9to chv\u00edle Miguel tvrdil, \u017ee kdy\u017e je tu tolik dobrovoln\u00edk\u016f, tak si jen dop\u0159\u00e1v\u00e1 odpo\u010dinkovou dovolenou. Samoz\u0159ejm\u011b tak\u00e9 tvrdil, \u017ee jinak tu posledn\u00edch deset let makal jak \u0161roubek. Tomu se v\u0161ak nedalo moc v\u011b\u0159it vzhledem k\u00a0tomu, \u017ee p\u0159i sv\u00fdch slu\u017eb\u00e1ch stejn\u011b nic ned\u011blal.<\/p>\n<p>V\u0161e tak zb\u00fdvalo na slu\u017ebu posledn\u00ed z\u016fstaviv\u0161\u00ed recep\u010dn\u00ed. Sice pak registroval p\u0159\u00edchoz\u00ed poutn\u00edky, ale vzhledem k objemu pr\u00e1ce, kterou vykon\u00e1valy holky to byl sotva zlomek. Jinak sed\u011bl na gau\u010di a \u010du\u010del na filmy, co\u017e bylo pro ostatn\u00ed naprosto nep\u0159edstaviteln\u00e1 v\u011bc.<\/p>\n<p><strong>Dobr\u00e1 pr\u00e1ce<\/strong><\/p>\n<p>Navrch se mus\u00edm pochv\u00e1lit, za odvedenou pr\u00e1ci. Od v\u0161emo\u017en\u00e9ho svin\u010d\u00edk\u016f jsem vy\u010distil celou zahradu. Samoz\u0159ejm\u011b s\u00a0pomoc\u00ed ma\u010farsk\u00e9ho kolegy. Na m\u00edstech, kde pracoval v\u0161ak tr\u00e1va za\u010dala r\u016fst hned den po vyplet\u00ed. Asi tak dob\u0159e odveden\u00e1 pr\u00e1ce to byla. Mus\u00edm ale dodat, \u017ee na to, \u017ee v\u00a0\u017eivot\u011b nic jin\u00e9ho ned\u011blal, byl jeho v\u00fdkon p\u0159inejmen\u0161\u00edm slu\u0161n\u00fd.<\/p>\n<p>Tak\u00e9 jsme zvl\u00e1dli postavit bytelnou kostru na ps\u00ed boudu. \u010cesk\u00fd in\u017een\u00fdring s\u00a0nasranou ma\u010farskou rukou, je\u017e \u0159ezala spr\u00e1vn\u00e9 d\u00e9lky d\u0159eva. T\u011b\u0161ili jsme se, \u017ee to stihneme dod\u011blat, ale Miguel n\u00e1m zamknul gar\u00e1\u017e. Nakonec se rozhodl, \u017ee z\u00a0na\u0161\u00ed kostry na ps\u00ed boudu ud\u011bl\u00e1 kompost. K\u00a0tomu jsem u\u017e nem\u011bl co dodat.<\/p>\n<p><strong>Finisterra je i p\u0159esto n\u00e1dhern\u00e9 m\u00edsto<\/strong><\/p>\n<figure id=\"attachment_469\" aria-describedby=\"caption-attachment-469\" style=\"width: 300px\" class=\"wp-caption alignleft\"><a href=\"https:\/\/www.jindrichsmitka.cz\/wp-content\/uploads\/2016\/11\/Fistersk\u00e9-kopce.jpg\"><img loading=\"lazy\" decoding=\"async\" class=\"size-medium wp-image-469\" src=\"https:\/\/www.jindrichsmitka.cz\/wp-content\/uploads\/2016\/11\/Fistersk\u00e9-kopce-300x180.jpg\" alt=\"Kopce na konci sv\u011bta mezi Atlantikem a Fisterrou\" width=\"300\" height=\"180\" \/><\/a><figcaption id=\"caption-attachment-469\" class=\"wp-caption-text\">Kopce kolem Fisterry<\/figcaption><\/figure>\n<p>Konec sv\u011bta je v\u0161ak s\u00e1m o sob\u011b opravdu n\u00e1dhern\u00e9 m\u00edsto. N\u00e1dhern\u00e9 kopce, pl\u00e1\u017ee, mo\u0159e. Co m\u011b tu udr\u017eelo nad vodou bylo do zna\u010dn\u00e9 m\u00edry n\u00e1dhern\u00e9 prost\u0159ed\u00ed kolem samotn\u00e9 vesnice. Obzvl\u00e1\u0161\u0165 konec pr\u00e1ce po n\u011bm\u017e jsem mohl na cel\u00e9 odpoledne zmizet a toulat se po okol\u00ed.<\/p>\n<p>\u010casu str\u00e1ven\u00e9ho ve Fiste\u0159e nijak nelituju. Byla to jednak zaj\u00edmav\u00e1 zku\u0161enost a trochu i sociologick\u00fd experiment, p\u0159i n\u011bm\u017e jsem mohl pozorovat nejen reakce lid\u00ed kolem sebe, ale i sv\u00e9 vlastn\u00ed.<\/p>\n<p><strong>Z\u00e1st\u0159ih<\/strong><\/p>\n<p>Jako bonus p\u0159ed odjezdem se v hostelu objevila holi\u010dka Nina. Nemohla sn\u00e9st pohled na m\u016fj neupraven\u00fd vous a tak mi ozn\u00e1mila, \u017ee mi ho zarovn\u00e1. Po jej\u00edm z\u00e1sahu, vypad\u00e1m o trochu v\u00edc k\u00a0sv\u011btu.<\/p>\n<figure id=\"attachment_473\" aria-describedby=\"caption-attachment-473\" style=\"width: 300px\" class=\"wp-caption alignleft\"><a href=\"https:\/\/www.jindrichsmitka.cz\/wp-content\/uploads\/2016\/11\/Z\u00e1pad-slunce.jpg\"><img loading=\"lazy\" decoding=\"async\" class=\"size-medium wp-image-473\" src=\"https:\/\/www.jindrichsmitka.cz\/wp-content\/uploads\/2016\/11\/Z\u00e1pad-slunce-300x180.jpg\" alt=\"Z\u00e1pad slunce nad Atlantikem u obce Fisterra\" width=\"300\" height=\"180\" \/><\/a><figcaption id=\"caption-attachment-473\" class=\"wp-caption-text\">Z\u00e1pad slunce nad Atlantikem<\/figcaption><\/figure>\n<p>Na \u00fapln\u00fd z\u00e1v\u011br m\u00e9ho pobytu m\u011b konec sv\u011bta pot\u011b\u0161il n\u00e1dhern\u00fdm pohledem z\u00a0nejvy\u0161\u0161\u00edho kopce na p\u0159\u00edrodn\u00ed p\u0159edstaven\u00ed. Z\u00a0jedn\u00e9 strany jsem sledoval slunce no\u0159\u00edc\u00ed se na horizontu do vln Atlantiku a z strany druh\u00e9 ob\u0159\u00ed vych\u00e1zej\u00edc\u00ed m\u011bs\u00edc t\u00e9m\u011b\u0159 v\u00a0\u00fapl\u0148ku. Prost\u011b rozlu\u010dka, jak m\u00e1 b\u00fdt.<\/p>\n<p>A te\u010f u\u017e hur\u00e1 do Portugalsk\u00e9ho <strong>Porta<\/strong>.<\/p>\n","protected":false},"excerpt":{"rendered":"<p>M\u016fj pobyt na konci sv\u011bta je u konce. Za m\u011bs\u00edc se tu p\u0159ihodilo mno\u017estv\u00ed zvrat\u016f a podivn\u00fdch ud\u00e1lost\u00ed. Prvn\u00ed t\u00fdden jsem m\u011bl docela radost, \u017ee jsem se tu tak snadno uchytil. Radost v\u0161ak za\u010dala brzy ustupovat, jeliko\u017e jsem si za\u010dal uv\u011bdomovat, \u017ee tady n\u011bco nesed\u00ed. V\u0161e jsem ale zd\u00e1rn\u011b p\u0159e\u017eil a na z\u00e1v\u011br m\u011b \u010dekalo p\u0159edstaven\u00ed.<\/p>\n","protected":false},"author":2,"featured_media":470,"comment_status":"open","ping_status":"open","sticky":false,"template":"","format":"standard","meta":{"_jetpack_memberships_contains_paid_content":false,"footnotes":""},"categories":[123,6,124],"tags":[134,130,135,136,132,10,48],"class_list":{"0":"post-466","1":"post","2":"type-post","3":"status-publish","4":"format-standard","5":"has-post-thumbnail","6":"hentry","8":"category-santiago-de-compostela","10":"tag-dobrovolnictvi","11":"tag-fisterra","12":"tag-galicie","13":"tag-hostel","14":"tag-konec-sveta","15":"tag-santiago-de-compostela"},"aioseo_notices":[],"jetpack_featured_media_url":"https:\/\/www.jindrichsmitka.cz\/wp-content\/uploads\/2016\/11\/Jako-v-Karibiku.jpg","jetpack_sharing_enabled":true,"_links":{"self":[{"href":"https:\/\/www.jindrichsmitka.cz\/index.php\/wp-json\/wp\/v2\/posts\/466","targetHints":{"allow":["GET"]}}],"collection":[{"href":"https:\/\/www.jindrichsmitka.cz\/index.php\/wp-json\/wp\/v2\/posts"}],"about":[{"href":"https:\/\/www.jindrichsmitka.cz\/index.php\/wp-json\/wp\/v2\/types\/post"}],"author":[{"embeddable":true,"href":"https:\/\/www.jindrichsmitka.cz\/index.php\/wp-json\/wp\/v2\/users\/2"}],"replies":[{"embeddable":true,"href":"https:\/\/www.jindrichsmitka.cz\/index.php\/wp-json\/wp\/v2\/comments?post=466"}],"version-history":[{"count":0,"href":"https:\/\/www.jindrichsmitka.cz\/index.php\/wp-json\/wp\/v2\/posts\/466\/revisions"}],"wp:featuredmedia":[{"embeddable":true,"href":"https:\/\/www.jindrichsmitka.cz\/index.php\/wp-json\/wp\/v2\/media\/470"}],"wp:attachment":[{"href":"https:\/\/www.jindrichsmitka.cz\/index.php\/wp-json\/wp\/v2\/media?parent=466"}],"wp:term":[{"taxonomy":"category","embeddable":true,"href":"https:\/\/www.jindrichsmitka.cz\/index.php\/wp-json\/wp\/v2\/categories?post=466"},{"taxonomy":"post_tag","embeddable":true,"href":"https:\/\/www.jindrichsmitka.cz\/index.php\/wp-json\/wp\/v2\/tags?post=466"}],"curies":[{"name":"wp","href":"https:\/\/api.w.org\/{rel}","templated":true}]}}