{"id":4802,"date":"2023-12-16T12:10:09","date_gmt":"2023-12-16T11:10:09","guid":{"rendered":"https:\/\/www.jindrichsmitka.cz\/?p=4802"},"modified":"2023-12-16T12:10:09","modified_gmt":"2023-12-16T11:10:09","slug":"co-je-to-globalismus-a-kdo-jsou-globaliste-a-pyramida-moci","status":"publish","type":"post","link":"https:\/\/www.jindrichsmitka.cz\/index.php\/2023\/12\/16\/co-je-to-globalismus-a-kdo-jsou-globaliste-a-pyramida-moci\/","title":{"rendered":"Co je to globalismus a kdo jsou globalist\u00e9 a pyramida moci"},"content":{"rendered":"\n<p><strong>Globalismus je dlouhodob\u00e1 a c\u00edlen\u00e1 totalitn\u00ed ideologie. Vystupuj\u00ed jako humanist\u00e9, ale jejich hlavn\u00edm c\u00edlem je moc a ovl\u00e1d\u00e1n\u00ed lid\u00ed. Pou\u017e\u00edvaj\u00ed n\u00e1stroje jako nadn\u00e1rodn\u00ed korporace, bankovnictv\u00ed, trusty, nadace a subjekty mezin\u00e1rodn\u00edho pr\u00e1va. Roz\u0161\u00ed\u0159ili se celosv\u011btov\u011b a skrze svoje poskoky ji\u017e nyn\u00ed ovl\u00e1daj\u00ed nejv\u00fdznamn\u011bj\u0161\u00ed posty.<\/strong><\/p>\n\n\n\n<p>Globalismus, globalist\u00e9 a pyramida moci je dlouhodob\u00e9 organizovan\u00e9 \u00fasil\u00ed o p\u0159evzet\u00ed moci nad sv\u011btem a lidmi.<\/p>\n\n\n\n<p>N\u00e1strojem k tomu jsou zejm\u00e9na pyramida \u0159\u00edd\u00edc\u00ed moci nadn\u00e1rodn\u00edch korporac\u00ed a bankovn\u00ed syst\u00e9m. Kolem nich rostou tak\u00e9 r\u016fzn\u00e9 \u017e\u00e1dn\u00e9mu st\u00e1tu neodpov\u011bdn\u00e9 politick\u00e9 subjekty mezin\u00e1rodn\u00edho pr\u00e1va jako jsou Mezin\u00e1rodn\u00ed m\u011bnov\u00fd fond, Sv\u011btov\u00e1 banka, Evropsk\u00e1 unie, Sv\u011btov\u00e1 zdravotnick\u00e1 organizace a podobn\u00e9 subjekty.<\/p>\n\n\n\n<p>A tak\u00e9 politick\u00e9 neziskovky a nadace, kter\u00e9 prosazuj\u00ed agendu sv\u00fdch pl\u00e1tc\u016f a hlavn\u00edch p\u0159isp\u011bvatel\u016f. Co\u017e jsou obvykle ti sam\u00ed prost\u0159ednictv\u00edm nejr\u016fzn\u011bj\u0161\u00ed instituc\u00ed. Nejviditeln\u011bj\u0161\u00ed lobbistickou organizac\u00ed je pak Sv\u011btov\u00e9 ekonomick\u00e9 f\u00f3rum (WEF).<\/p>\n\n\n\n<h2 class=\"wp-block-heading\"><strong>Monopolizace a v\u00fdchova \u0161\u00e9f\u016f<\/strong><\/h2>\n\n\n\n<p>Globalismus je c\u00edlen\u00e1 snaha o monopolizaci sv\u011btov\u00e9ho hospod\u00e1\u0159stv\u00ed a kontrolu nad lidmi. Logicky kolem toho vyvst\u00e1v\u00e1 pot\u0159eba p\u0159evz\u00edt i z\u0159\u00edzen\u00ed st\u00e1t\u016f, politick\u00e9ho a finan\u010dn\u00edho apar\u00e1tu.<\/p>\n\n\n\n<p>Jedn\u00e1 se metodu postupn\u00e9 v\u00fdchovy, financov\u00e1n\u00ed, medi\u00e1ln\u00ed a jin\u00e9 podpory a r\u016fzn\u00fdch forem ocho\u010dov\u00e1n\u00ed vedouc\u00edch pracovn\u00edk\u016f a politik\u016f, kte\u0159\u00ed pak postupn\u011b zauj\u00edmaj\u00ed r\u016fzn\u00e9 \u0159\u00edd\u00edc\u00ed a v\u00fdznamn\u00e9 funkce. Vychov\u00e1vaj\u00ed si takzvan\u00e9 elity.<\/p>\n\n\n\n<p>Takovou funkci zast\u00e1v\u00e1 mnoho \u201epresti\u017en\u00edch institut\u016f\u201c typu Aspen, WEF young leaders a tak podobn\u011b. Ta presti\u017e je v\u0161ak hlavn\u011b marketingov\u00e1. T\u00edmto zp\u016fsobem si zavazuj\u00ed kl\u00ed\u010dov\u00e9 lidi do sv\u00e9 s\u00edt\u011b a v\u011bd\u00ed, \u017ee kdy\u017e je posunou d\u00e1l, tato investice se jim bohat\u011b vr\u00e1t\u00ed.<\/p>\n\n\n\n<script async=\"\" src=\"\/\/pagead2.googlesyndication.com\/pagead\/js\/adsbygoogle.js\"><\/script><!-- Automatick\u00e1 velikost reklamy --><ins class=\"adsbygoogle\" style=\"display: block;\" data-ad-client=\"ca-pub-9221645303649413\" data-ad-slot=\"8661693083\" data-ad-format=\"auto\" data-full-width-responsive=\"true\"><\/ins><script>\n(adsbygoogle = window.adsbygoogle || []).push({});\n<\/script><br>\n\n\n\n<div class=\"wp-block-image\"><figure class=\"alignleft size-large is-resized\"><img loading=\"lazy\" decoding=\"async\" src=\"https:\/\/www.jindrichsmitka.cz\/wp-content\/uploads\/2023\/12\/pexels-rudolfs-klintsons-7109882-768x1024.jpg\" alt=\"pyramida moci, globalismus, dolar, \" class=\"wp-image-4804\" width=\"209\" height=\"279\" srcset=\"https:\/\/www.jindrichsmitka.cz\/wp-content\/uploads\/2023\/12\/pexels-rudolfs-klintsons-7109882-768x1024.jpg 768w, https:\/\/www.jindrichsmitka.cz\/wp-content\/uploads\/2023\/12\/pexels-rudolfs-klintsons-7109882-225x300.jpg 225w, https:\/\/www.jindrichsmitka.cz\/wp-content\/uploads\/2023\/12\/pexels-rudolfs-klintsons-7109882-1152x1536.jpg 1152w, https:\/\/www.jindrichsmitka.cz\/wp-content\/uploads\/2023\/12\/pexels-rudolfs-klintsons-7109882-150x200.jpg 150w, https:\/\/www.jindrichsmitka.cz\/wp-content\/uploads\/2023\/12\/pexels-rudolfs-klintsons-7109882-300x400.jpg 300w, https:\/\/www.jindrichsmitka.cz\/wp-content\/uploads\/2023\/12\/pexels-rudolfs-klintsons-7109882-696x928.jpg 696w, https:\/\/www.jindrichsmitka.cz\/wp-content\/uploads\/2023\/12\/pexels-rudolfs-klintsons-7109882-1068x1424.jpg 1068w, https:\/\/www.jindrichsmitka.cz\/wp-content\/uploads\/2023\/12\/pexels-rudolfs-klintsons-7109882.jpg 1280w\" sizes=\"auto, (max-width: 209px) 100vw, 209px\" \/><figcaption>Globalismus a jeho pyramida moci. Zdroj: Pexels<\/figcaption><\/figure><\/div>\n\n\n\n<h2 class=\"wp-block-heading\"><strong>Pyramida moci<\/strong><\/h2>\n\n\n\n<p>Pyramida moci je n\u00e1stroj, skrze kter\u00fd \u0159\u00edd\u00ed sv\u011bt. Je ten zp\u016fsob kdy \u0161\u00e9f v nadn\u00e1rodn\u00ed korporaci, kter\u00fd \u0159\u00edd\u00ed v\u0161echny patra pod sebou, m\u00e1 sv\u00e9ho \u0161\u00e9fa, kter\u00fdm je kone\u010dn\u00fd vlastn\u00edk nebo osoba \u010di instituce nebo trust zastoupen\u00fd pr\u00e1vn\u00edm z\u00e1stupem, kter\u00fd dr\u017e\u00ed kontroln\u00ed nebo ovl\u00e1daj\u00edc\u00ed pod\u00edl ve firm\u00e1ch.<\/p>\n\n\n\n<p>Obvykle tak sta\u010d\u00ed m\u00edt pod palcem \u0161\u00e9fa firmy a ten u\u017e ma\u010dk\u00e1 v\u0161echny ostatn\u00ed a p\u0159izp\u016fsobuje k obrazu sv\u00e9ho p\u00e1n\u00ed\u010dka. Pyramida moci je tak\u00e9 p\u0159\u00edzna\u010dn\u011b vyobrazena na americk\u00e9m dolaru.<\/p>\n\n\n\n<h2 class=\"wp-block-heading\"><strong>Kdo jsou globalist\u00e9?<\/strong><\/h2>\n\n\n\n<p>Je to v podstat\u011b n\u011bkolik des\u00edtek v\u00fdznamn\u00fdch a \u010dasto (av\u0161ak zdaleka nejenom) finan\u010dnick\u00fdch rodin, kter\u00e9 prost\u0159ednictv\u00edm pod\u00edl\u016f skryt\u00fdch v trustech ovl\u00e1daj\u00ed v\u00fdznamn\u00e9 nadn\u00e1rodn\u00ed korporace, bankovn\u00ed syst\u00e9m a skrze tento vliv i mnoho dal\u0161\u00edho.<\/p>\n\n\n\n<p>Lid\u00e9 sdru\u017een\u00ed do WEF a podobn\u00fdch organizac\u00ed jsou pak krom\u011b prvn\u00ed skupiny p\u0159ev\u00e1\u017en\u011b pouze takzvan\u00e9 elity, ti viditeln\u011bj\u0161\u00ed p\u0159edstavitel\u00e9 t\u011bchto skupin a d\u00e1le hlavn\u011b podporovatel\u00e9, z\u00e1visl\u00e1ci na jejich kapit\u00e1lu a moci a vykonavatel\u00e9.<\/p>\n\n\n\n<p>Podle n\u011bkter\u00fdch odhad\u016f pak sta\u010d\u00ed na \u0159\u00edzen\u00ed sv\u011btov\u00e9ho hospod\u00e1\u0159stv\u00ed cca 2 000 kl\u00ed\u010dov\u00fdch osob na spr\u00e1vn\u00fdch postech, kter\u00e9 udr\u017euj\u00ed v chodu pyramidu moci.<\/p>\n\n\n\n<p>O tom, jak a kam se sb\u00edhaj\u00ed \u0159\u00edd\u00edc\u00ed pod\u00edly se m\u016f\u017eete informovat v <a href=\"https:\/\/www.jindrichsmitka.cz\/2022\/11\/06\/dulezite-dokumenty-aneb-informovanost-umoznuje-vedoma-rozhodnuti\/\">d<\/a><a href=\"https:\/\/www.jindrichsmitka.cz\/2022\/11\/06\/dulezite-dokumenty-aneb-informovanost-umoznuje-vedoma-rozhodnuti\/\" target=\"_blank\" rel=\"noreferrer noopener\">okument<\/a><a href=\"https:\/\/www.jindrichsmitka.cz\/2022\/11\/06\/dulezite-dokumenty-aneb-informovanost-umoznuje-vedoma-rozhodnuti\/\">u Monopol (zde)<\/a>.<\/p>\n\n\n\n<p>O tom, jak se \u0159\u00edd\u00ed celosv\u011btov\u00e9 glob\u00e1ln\u00ed bankovnictv\u00ed n\u00e1s informuje <a href=\"https:\/\/www.infokuryr.cz\/n\/2023\/11\/29\/james-rickards-az-prijde-dalsi-financni-krize-elity-planuji-zmrazit-globalni-financni-system\/\">Jim Rickards, kter\u00fd odhalil cca 189<\/a><a href=\"https:\/\/www.infokuryr.cz\/n\/2023\/11\/29\/james-rickards-az-prijde-dalsi-financni-krize-elity-planuji-zmrazit-globalni-financni-system\/\" target=\"_blank\" rel=\"noreferrer noopener\"> <\/a><a href=\"https:\/\/www.infokuryr.cz\/n\/2023\/11\/29\/james-rickards-az-prijde-dalsi-financni-krize-elity-planuji-zmrazit-globalni-financni-system\/\">osob ve sv\u011btov\u00fdch centr\u00e1ln\u00edch bank\u00e1ch (zde)<\/a> a dal\u0161\u00edch v\u00fdznamn\u00fdch finan\u010dn\u00edch instituc\u00edch, kter\u00e9 pracuj\u00ed pro agendu globalismu s dan\u00fdm hlavn\u00edm c\u00edlem zmrazit finan\u010dn\u00ed syst\u00e9m, aby jej mohli p\u0159evz\u00edt.<\/p>\n\n\n\n<p>P\u0159ipravuj\u00ed se na glob\u00e1ln\u00ed nadvl\u00e1du a ji\u017e maj\u00ed p\u0159ipraveno v\u0161e, aby mohli vl\u00e1dnout <a href=\"https:\/\/otevrisvoumysl.cz\/corbettuv-report-takto-se-ridi-globalni-vlada-a-co-prijde-priste\/\" target=\"_blank\" rel=\"noreferrer noopener\">(v\u00edce zde)<\/a>.<\/p>\n\n\n\n<div class=\"wp-block-image\"><figure class=\"alignleft size-large is-resized\"><img loading=\"lazy\" decoding=\"async\" src=\"https:\/\/www.jindrichsmitka.cz\/wp-content\/uploads\/2022\/01\/pexels-vlada-karpovich-3958189-1024x682.jpg\" alt=\"Toaletn\u00ed pap\u00edr, z\u00e1chod, tal\u00ed\u0159, na tal\u00ed\u0159i\" class=\"wp-image-3850\" width=\"309\" height=\"206\" srcset=\"https:\/\/www.jindrichsmitka.cz\/wp-content\/uploads\/2022\/01\/pexels-vlada-karpovich-3958189-1024x682.jpg 1024w, https:\/\/www.jindrichsmitka.cz\/wp-content\/uploads\/2022\/01\/pexels-vlada-karpovich-3958189-300x200.jpg 300w, https:\/\/www.jindrichsmitka.cz\/wp-content\/uploads\/2022\/01\/pexels-vlada-karpovich-3958189-768x512.jpg 768w, https:\/\/www.jindrichsmitka.cz\/wp-content\/uploads\/2022\/01\/pexels-vlada-karpovich-3958189-150x100.jpg 150w, https:\/\/www.jindrichsmitka.cz\/wp-content\/uploads\/2022\/01\/pexels-vlada-karpovich-3958189-696x464.jpg 696w, https:\/\/www.jindrichsmitka.cz\/wp-content\/uploads\/2022\/01\/pexels-vlada-karpovich-3958189-1068x712.jpg 1068w, https:\/\/www.jindrichsmitka.cz\/wp-content\/uploads\/2022\/01\/pexels-vlada-karpovich-3958189.jpg 1280w\" sizes=\"auto, (max-width: 309px) 100vw, 309px\" \/><figcaption>Kvalitn\u00ed krmen\u00ed lid\u00ed masmedi\u00e1ln\u00edm obsahem br\u00e1n\u00ed vid\u011bt realitu. St\u00e1tn\u00ed bankrot mnoha zem\u00ed se bl\u00ed\u017e\u00ed jako sou\u010d\u00e1st globalistick\u00e9 agendy zotro\u010dov\u00e1n\u00ed a globalismu.<\/figcaption><\/figure><\/div>\n\n\n\n<h2 class=\"wp-block-heading\"><strong>Masm\u00e9dia<\/strong><\/h2>\n\n\n\n<p>S postupn\u00fdm p\u0159eb\u00edr\u00e1n\u00edm moci nad masm\u00e9dii se lidem dlouhodob\u011b v\u0161t\u011bpovala idea globalismu a nadn\u00e1rodn\u00edch celk\u016f. Skrze m\u00e9dia a n\u00e1\u0161 pyramida moci dlouhodob\u011b ocho\u010dovala, abychom s jejich pl\u00e1ny a n\u00e1pady souhlasili.<\/p>\n\n\n\n<p>P\u0159ece jen reklama, m\u00e9dia a propagandy jsou mocn\u00e1 v\u011bc. Sta\u010d\u00ed m\u00edt dost \u010dasu a prost\u0159edk\u016f a lidi se je\u0161t\u011b r\u00e1di ocho\u010d\u00ed dostate\u010dn\u011b sami. V\u017edy\u0165 je to p\u0159ece tak kr\u00e1sn\u011b pohodln\u00e9.<\/p>\n\n\n\n<p>V\u00edce informac\u00ed o vytv\u00e1\u0159en\u00ed souhlasu davu najdete v dokumentu <a href=\"https:\/\/www.jindrichsmitka.cz\/2022\/11\/06\/dulezite-dokumenty-aneb-informovanost-umoznuje-vedoma-rozhodnuti\/\" target=\"_blank\" rel=\"noreferrer noopener\">Propaganda (zde)<\/a>.<\/p>\n\n\n\n<script async=\"\" src=\"\/\/pagead2.googlesyndication.com\/pagead\/js\/adsbygoogle.js\"><\/script><!-- Automatick\u00e1 velikost reklamy --><ins class=\"adsbygoogle\" style=\"display: block;\" data-ad-client=\"ca-pub-9221645303649413\" data-ad-slot=\"8661693083\" data-ad-format=\"auto\" data-full-width-responsive=\"true\"><\/ins><script>\n(adsbygoogle = window.adsbygoogle || []).push({});\n<\/script><br>\n\n\n\n<h2 class=\"wp-block-heading\"><strong>Zav\u00e1z\u00e1n\u00ed lid\u00ed a vyvol\u00e1n\u00ed souhlasu<\/strong><\/h2>\n\n\n\n<p>Z\u00e1vislost je mocn\u00e1 zbra\u0148. Lidi je pak mo\u017en\u00e9 krom\u011b p\u0159esv\u011bd\u010dov\u00e1n\u00ed a v\u00fdchovy dostat na stejnou lo\u010f je\u0161t\u011b dv\u011bma obl\u00edben\u00fdmi zp\u016fsoby.<\/p>\n\n\n\n<p>A) Prac\u00ed pro sp\u0159\u00e1telen\u00e9 korporace.<\/p>\n\n\n\n<p>Je jasn\u00e9, \u017ee koho chleba j\u00ed\u0161, toho p\u00edse\u0148 zp\u00edvej. A tak velk\u00e9 firmy v portf\u00f3liu glob\u00e1ln\u00edho kapit\u00e1lu zam\u011bstn\u00e1vaj\u00ed mnoho lid\u00ed po cel\u00e9m sv\u011bt\u011b. A jsou na nich z\u00e1visl\u00e9 i jejich rodiny. To v\u0161ak plat\u00ed pouze prozat\u00edm, dokud je pot\u0159ebuj\u00ed na generov\u00e1n\u00ed zisk\u016f i pro ovliv\u0148ov\u00e1n\u00ed okol\u00ed. To \u010dasem ale nebude pot\u0159eba.<\/p>\n\n\n\n<p>B) Zadlu\u017een\u00ed.<\/p>\n\n\n\n<p>Dluh je kr\u00e1sn\u00e9 vod\u00edtko, na kter\u00e9 lze uv\u00e1zat nejednoho psa. By\u0165 jsou ty hypot\u00e9ky tak kr\u00e1sn\u00e9 a pohodln\u00e9, tak zavazuj\u00ed lidi takov\u00fdm zp\u016fsobem, kter\u00fd jim znemo\u017e\u0148uje vystoupit ze syst\u00e9mu. P\u0159ece d\u016fm je d\u016fm. A z lidsk\u00e9ho hlediska je samoz\u0159ejm\u011b spr\u00e1vn\u00e9 bydlet ve sv\u00e9m. Z druh\u00e9ho pohledu je to v\u0161ak dal\u0161\u00ed z\u00e1vislost, kter\u00e1 \u010dlov\u011bka nut\u00ed pokra\u010dovat a pom\u00e1h\u00e1 vyvol\u00e1vat souhlas.<\/p>\n\n\n\n<h2 class=\"wp-block-heading\"><strong>\u010cas, kter\u00fd p\u0159esahuje generace<\/strong><\/h2>\n\n\n\n<p>Tento pl\u00e1n je v chodu ji\u017e velmi dlouho. Lze p\u0159edpokl\u00e1dat, \u017ee prvn\u00ed soust\u0159ed\u011bn\u00e9 snahy prob\u00edhaj\u00ed ji\u017e od napoleonsk\u00fdch v\u00e1lek, kdy stejn\u00e1 klika bank\u00e9\u0159\u016f financovala ob\u011b strany a vyzkou\u0161eli si naplno s\u00edlu burzovn\u00ed paniky a moc inflace a deflace trh\u016f. Dost mo\u017en\u00e1 i d\u0159\u00edve.<\/p>\n\n\n\n<p>Vice informac\u00ed v animovan\u00e9 videu o vzniku americk\u00e9ho finan\u010dn\u00edho syst\u00e9mu \u2013 <a href=\"https:\/\/www.jindrichsmitka.cz\/2022\/11\/06\/dulezite-dokumenty-aneb-informovanost-umoznuje-vedoma-rozhodnuti\/\" target=\"_blank\" rel=\"noreferrer noopener\">Americk\u00fd sen (zde)<\/a>.<\/p>\n\n\n\n<figure class=\"wp-block-embed is-type-video is-provider-youtube wp-block-embed-youtube wp-embed-aspect-16-9 wp-has-aspect-ratio\"><div class=\"wp-block-embed__wrapper\">\n<iframe loading=\"lazy\" title=\"Americk\u00fd sen - drsn\u00fd animovan\u00fd film o americk\u00e9 centr\u00e1ln\u00ed bance NOV\u011a S DABINGEM\" width=\"696\" height=\"392\" src=\"https:\/\/www.youtube.com\/embed\/Awa0FQi3l3Y?feature=oembed\" frameborder=\"0\" allow=\"accelerometer; autoplay; clipboard-write; encrypted-media; gyroscope; picture-in-picture; web-share\" allowfullscreen><\/iframe>\n<\/div><\/figure>\n\n\n\n<p>Str\u016fjci tohoto organizovan\u00e9ho \u00fasil\u00ed a pl\u00e1n\u016f nepo\u010d\u00edtaj\u00ed, \u017ee cel\u00e9 toto divadlo zinscenuj\u00ed za jedin\u00fd \u017eivot. Kdy\u017e ho nedokon\u010d\u00ed oni, budou v tom pokra\u010dovat jejich potomci a jin\u00ed dal\u0161\u00ed. A tak se i d\u011bje. Je to pl\u00e1n na cel\u00e9 generace.<\/p>\n\n\n\n<h2 class=\"wp-block-heading\"><strong>Jak se zrodil globalismus aneb no\u010dn\u00ed m\u016fry pro lidi<\/strong><\/h2>\n\n\n\n<p>Teprve od za\u010d\u00e1tku devaten\u00e1ct\u00e9ho stolet\u00ed za\u010dalo globalistick\u00e9 p\u0159eb\u00edr\u00e1n\u00ed moci \u0159\u00eddit sv\u011bt. P\u0159evzet\u00edm moci nad americkou centr\u00e1ln\u00ed bankou a jej\u00ed postupn\u00e9 propojov\u00e1n\u00ed do sv\u011btov\u00e9ho obchodu a dominantn\u00ed vojensk\u00e1 moc Spojen\u00fdch st\u00e1t\u016f roz\u0161\u00ed\u0159ili tento glob\u00e1ln\u00ed syst\u00e9m po cel\u00e9m sv\u011bt\u011b a dala globalist\u016fm skute\u010dn\u011b glob\u00e1ln\u00ed p\u0159esah.<\/p>\n\n\n\n<p>Dve\u0159e se po\u0159\u00e1dn\u011b otev\u0159eli u\u017e b\u011bhem obou sv\u011btov\u00fdch v\u00e1lek a zejm\u00e9na pak t\u00e9 druh\u00e9, kdy se po\u0159\u00e1dn\u011b rozto\u010dilo \u00fav\u011brov\u00e1n\u00ed v Americe. Ale st\u00e1le tu byla p\u0159ek\u00e1\u017eka.<\/p>\n\n\n\n<p>Ta byla odstran\u011bna a\u017e utr\u017een\u00edm americk\u00e9ho dolaru od zlata v roce 1971, co\u017e pak jen rozto\u010dilo cel\u00e9 kole\u010dko inflace a probl\u00e9m\u016f dne\u0161n\u00edch dn\u016f. N\u00e1r\u016fst americk\u00fdch korporac\u00ed ovl\u00e1daj\u00edc\u00edch sv\u011bt raketov\u011b vzrostl kolem ti\u0161t\u011bn\u00e9ho americk\u00e9ho dolaru.<\/p>\n\n\n\n\n\n<h2 class=\"wp-block-heading\"><strong>Globalistick\u00e1 moc nap\u0159\u00ed\u010d sv\u011btem<\/strong><\/h2>\n\n\n\n<p>A pochopiteln\u011b tento vliv pomohl roz\u0161\u00ed\u0159it nejenom dolar a americkou moc, ale s t\u00edm tento celosv\u011btov\u00fd konglomer\u00e1t v podstat\u011b v\u0161ude, kde si to nechali l\u00edbit.<\/p>\n\n\n\n<p>Te\u010f ji\u017e maj\u00ed sv\u00e9 lidi nastrkan\u00e9 jak mnoha v\u00fdznamn\u00fdch i nev\u00fdznamn\u00fdch sv\u011btov\u00fdch centr\u00e1ln\u00edch bank\u00e1ch, vl\u00e1d\u00e1ch, instituc\u00edch i v\u00fdznamn\u00fdch firm\u00e1ch.<\/p>\n\n\n\n<p>Prost\u0159ednictv\u00edm sv\u00fdch lid\u00ed, financovan\u00fdch mezin\u00e1rodn\u00edch organizac\u00ed, korporac\u00ed \u010di vl\u00e1d prosazuj\u00ed svou agendu efektivn\u011b po cel\u00e9m sv\u011bt\u011b. A mnoh\u00e9 st\u00e1ty v\u010detn\u011b na\u0161eho se postupn\u011b vzd\u00e1vaj\u00ed dal\u0161\u00edch a dal\u0161\u00edch kousk\u016f suverenity a svrchovanosti a p\u0159ed\u00e1vaj\u00ed jim pravomoci a umo\u017e\u0148uj\u00ed jim realizovat sv\u016fj pl\u00e1n.<\/p>\n\n\n\n<h2 class=\"wp-block-heading\"><strong>Konspirace a konspir\u00e1to\u0159i<\/strong><\/h2>\n\n\n\n<p>Je to jednoduch\u00e9, o\u010dividn\u00e1 realita, kterou by mohl ka\u017ed\u00fd snadno odhalit se nejl\u00e9pe skryje tak, \u017ee bude v\u0161em na o\u010d\u00edch. Jen je pot\u0159eba to zabalit tak, aby tomu lid\u00e9 nev\u011bnovali pozornost a nejl\u00e9pe do toho nikdo moc ne\u0161\u0165oural.<\/p>\n\n\n\n<p>To lze jednak t\u00edm, \u017ee se cel\u00fd pokus o p\u0159evzet\u00ed moci p\u0159ejmenuje hanliv\u011b na konspiraci a v\u0161ichni, kte\u0159\u00ed na to upozorn\u00ed jsou pak o\u010der\u0148ov\u00e1n\u00ed jako konspir\u00e1to\u0159i.<\/p>\n\n\n\n<p>Jsou tu ostatn\u011b m\u00e9dia na spr\u00e1vn\u00e9 stran\u011b, kter\u00e9 r\u00e1dy p\u0159isp\u011bchaj\u00ed na pomoc s dehonestac\u00ed, o\u010der\u0148ov\u00e1n\u00edm a pravideln\u00fdmi pokusy o obr\u00e1cen\u00ed m\u00edn\u011bn\u00ed ve\u0159ejnosti proti jak\u00e9mukoli nep\u0159\u00edteli glob\u00e1ln\u00edho \u0159\u00e1du.<\/p>\n\n\n\n<p>Funguje to spolehliv\u011b. U\u017e dlouho.<\/p>\n\n\n\n<h2 class=\"wp-block-heading\"><strong>Kryc\u00ed n\u00e1zvy a rebranding<\/strong><\/h2>\n\n\n\n<p>I tyto organizace a celkov\u00e1 i jednotliv\u00e9 glob\u00e1ln\u00ed agendy velmi r\u00e1dy m\u011bn\u00ed sv\u00e9 n\u00e1zvy proch\u00e1z\u00ed takzvan\u00fdmi rebrandingy neboli p\u0159ejmenov\u00e1n\u00edm. Jednak to mate ve\u0159ejnost a druhak se t\u00edm sna\u017e\u00ed skr\u00fdt, pod nov\u00fdm n\u00e1zvem st\u00e1le stejnou v\u011bc.<\/p>\n\n\n\n<p>U\u017e jsme tu tak m\u011bli Bilderberg a te\u010f je tu Sv\u011btov\u00e9 ekonomick\u00e9 f\u00f3rum. Je to p\u0159itom to sam\u00e9. M\u00e1me tu <a href=\"https:\/\/www.jindrichsmitka.cz\/2021\/10\/24\/agenda-2030-centralnim-rizenim-spolecnosti-k-zavislosti-totalite-a-otroctvi\/\" target=\"_blank\" rel=\"noreferrer noopener\">Agendu 2030 <\/a><a href=\"https:\/\/www.jindrichsmitka.cz\/2021\/10\/24\/agenda-2030-centralnim-rizenim-spolecnosti-k-zavislosti-totalite-a-otroctvi\/\">(psal jsem zde)<\/a> i Velk\u00fd reset. N\u00e1zvy nejsou d\u016fle\u017eit\u00e9. Mohou se m\u011bnit.<\/p>\n\n\n\n<p>Stejn\u011b tak tv\u00e1\u0159e se ob\u010das m\u011bn\u00ed, proto\u017ee na nich nez\u00e1le\u017e\u00ed. Stejnou funkci m\u016f\u017ee v tomto z\u0159\u00edzen\u00ed konat kdokoli, kdo je dostate\u010dn\u011b serviln\u00ed a tou\u017e\u00ed po moci.<\/p>\n\n\n\n<p>A n\u00e1zv\u016f, term\u00edn\u016f i obli\u010dej\u016f pro to jedno a to sam\u00e9 je mnoho. Je to jen snaha o zamot\u00e1n\u00ed v\u00fdraz\u016f a zmaten\u00ed ve\u0159ejnosti.<\/p>\n\n\n\n<p>A sou\u010dasn\u011b snaha tv\u00e1\u0159it se jako mnoho \u201enez\u00e1visl\u00fdch\u201c subjekt\u016f, kter\u00e9 spolu navz\u00e1jem na oko nesouvis\u00ed. Spojuj\u00ed je jen lid\u00e9, kte\u0159\u00ed se \u010das od \u010dasu potkaj\u00ed a zkoordinuj\u00ed sv\u00e9 aktivity ve stejn\u00e9m c\u00edli. A p\u0159itom tvo\u0159\u00ed celosv\u011btovou s\u00ed\u0165, kter\u00e1 se sna\u017e\u00ed p\u0159evz\u00edt moc.<\/p>\n\n\n\n<p>Funguje to spolehliv\u011b. U\u017e dlouho.<\/p>\n\n\n\n<h2 class=\"wp-block-heading\"><strong>Co je to glob\u00e1ln\u00ed fa\u0161ismus?<\/strong><\/h2>\n\n\n\n<p>Term\u00edn glob\u00e1ln\u00ed fa\u0161ismus pou\u017e\u00edv\u00e1me proto, \u017ee cel\u00e1 agenda globalismu je neskr\u00fdvan\u011b totalitn\u00ed. Chce p\u0159evz\u00edt moc nad lidmi a \u0159\u00eddit je centr\u00e1ln\u011b a celoplanet\u00e1rn\u011b. A to i n\u00e1siln\u011b. Zejm\u00e9na proti v\u0161em, kte\u0159\u00ed s t\u00edm nesouhlas\u00ed.<\/p>\n\n\n\n<p>Globalismus spojuje prvky mnoha zn\u00e1m\u00fdch totalitn\u00edch ideologi\u00ed od komunismu, p\u0159es fa\u0161ismus \u010di kapitalismus. Glob\u00e1ln\u00ed fa\u0161ismus je asi nejbl\u00ed\u017ee skute\u010dnosti jeliko\u017e tato totalitn\u00ed ideologie je v mnoh\u00e9m z\u00e1visl\u00e1 na \u0159\u00edzen\u00ed prost\u0159ednictv\u00edm pen\u011bz a korporac\u00ed.<\/p>\n\n\n\n<p>Stejn\u011b tak italsk\u00fd <a href=\"https:\/\/cs.wikipedia.org\/wiki\/Fa%C5%A1ismus\" target=\"_blank\" rel=\"noreferrer noopener\">fa\u0161ismus<\/a> byl v mnoh\u00e9m z\u00e1visl\u00fd na \u0159\u00edzen\u00ed a financov\u00e1n\u00ed korporacemi, kter\u00e9 obrostly st\u00e1t. S rozd\u00edlem toho, \u017ee tento syst\u00e9m st\u00e1l je jedn\u00e9 dominantn\u00ed osobnosti. V glob\u00e1ln\u00edm fa\u0161ismu je ka\u017ed\u00fd nahraditeln\u00fd. Lid strh\u00e1vaj\u00ed m\u00e9dia, obli\u010deje se mohou v \u010dase m\u011bnit.<\/p>\n\n\n\n<p>Glob\u00e1ln\u00ed fa\u0161ismus je tedy asi nejv\u00fdsti\u017en\u011bj\u0161\u00ed, by\u0165 st\u00e1le nedostate\u010dn\u00e9 pojmenov\u00e1n\u00ed v\u011bci.<\/p>\n\n\n\n<p>V\u0161echno se d\u00e1 zm\u011bnit<\/p>\n\n\n\n<p>T\u00edmto ale hra nekon\u010d\u00ed. V\u011bd\u011bt o co se hraje, kde, kdy a s k\u00fdm jen za\u010d\u00e1tek. V\u0161ichni mohou podle sv\u00fdch mo\u017enost\u00ed p\u0159ilo\u017eit ruku k d\u00edlu, aby se jejich pl\u00e1ny nepoda\u0159ily. <\/p>\n\n\n\n<h2 class=\"wp-block-heading\"><strong>Co tedy m\u016f\u017eete jako jednotlivci d\u011blat?<\/strong><\/h2>\n\n\n\n<p>Zde je n\u011bkolik typ\u016f, kde za\u010d\u00edt. Nejprve je mo\u017en\u00e9 si p\u0159e\u010d\u00edst ostatn\u00ed \u010dl\u00e1nky na danou t\u00e9matiku a zejm\u00e9na pak z\u00e1kladn\u00ed pl\u00e1n, kter\u00fd slou\u017e\u00ed jako moje vlastn\u00ed vod\u00edtko p\u0159i cest\u011b mimo globalistick\u00fd syst\u00e9m k v\u011bt\u0161\u00ed sob\u011bsta\u010dnosti, nez\u00e1vislosti a svobod\u011b<\/p>\n\n\n\n<p>Psal jsem zde: <a href=\"https:\/\/www.jindrichsmitka.cz\/2022\/07\/18\/sobestacnost-rezerva-a-plan-na-horsi-casy-k-preziti-civilizacni-krize\/\" target=\"_blank\" rel=\"noreferrer noopener\" title=\"Sob\u011bsta\u010dnost, rezerva a pl\u00e1n na hor\u0161\u00ed \u010dasy k p\u0159e\u017eit\u00ed civiliza\u010dn\u00ed krize (zde)\">Sob\u011bsta\u010dnost, rezerva a pl\u00e1n na hor\u0161\u00ed \u010dasy k p\u0159e\u017eit\u00ed civiliza\u010dn\u00ed krize (zde)<\/a>. <\/p>\n\n\n\n<p>D\u00e1le se m\u016f\u017eete inspirovat n\u00e1sleduj\u00edc\u00ed body:<\/p>\n\n\n\n<ol class=\"wp-block-list\"><li><strong>P\u0159esta\u0148me sledovat l\u017eivou propagandu<\/strong>&nbsp;v televizi, dal\u0161\u00edch m\u00e9di\u00edch a na soci\u00e1ln\u00edch s\u00edt\u00edch, kter\u00e9 st\u00e1le dokola \u0161\u00ed\u0159\u00ed strach a udr\u017euj\u00ed p\u0159i \u017eivot\u011b probl\u00e9my, kter\u00e9 n\u00e1s maj\u00ed zam\u011bstnat, abychom nev\u011bnovali pozornost tomu d\u016fle\u017eit\u00e9m, co se d\u011bje. A&nbsp;<strong>p\u0159esta\u0148me se b\u00e1t<\/strong>. M\u016f\u017eete vyzkou\u0161et chodit hodn\u011b do p\u0159\u00edrody, kde je sv\u011bt st\u00e1le v po\u0159\u00e1dku a dop\u0159\u00e1t si tak digit\u00e1ln\u00ed, informa\u010dn\u00ed a my\u0161lenkov\u00fd detox&nbsp;<a href=\"https:\/\/www.jindrichsmitka.cz\/2018\/06\/18\/jak-na-digitalni-detox\/\" target=\"_blank\" rel=\"noreferrer noopener\">(\u010dt\u011bte zde)<\/a>.<\/li><li><strong>P\u0159esta\u0148me uzn\u00e1vat autoritu<\/strong>&nbsp;t\u011bch, kte\u0159\u00ed si ji nezaslou\u017e\u00ed, a kte\u0159\u00ed zneu\u017e\u00edvaj\u00ed na\u0161i d\u016fv\u011bru proti n\u00e1m.<\/li><li><strong>Pou\u017e\u00edvejme vlastn\u00ed rozum<\/strong>&nbsp;a nenechme si diktovat co m\u00e1me d\u011blat od televize, vl\u00e1dy, Bruselu, Ameriky, politick\u00fdch neziskovek, a v\u0161ech t\u011bch, kte\u0159\u00ed se tv\u00e1\u0159\u00ed jako autorita a mohou sv\u00e9 pozice zneu\u017e\u00edvat v neprosp\u011bch lid\u00ed. <\/li><li><strong>Spojte se s dal\u0161\u00edmi bojovn\u00edky za svobodu<\/strong>&nbsp;a postupujme jednotn\u011b proti totalit\u011b. Mnoh\u00e9 z nich najdete sjednocen\u00e9 pod hlavi\u010dkou Zdrav\u00e9 f\u00f3rum&nbsp;<a href=\"https:\/\/www.zdraveforum.cz\/\" target=\"_blank\" rel=\"noreferrer noopener\">(zde)<\/a>, Zlat\u00fd \u0161pendl\u00edk&nbsp;<a href=\"https:\/\/zlatyspendlik.cz\/\" target=\"_blank\" rel=\"noreferrer noopener\">(zde)<\/a>&nbsp;a v oblasti pr\u00e1va tak\u00e9 institut pr\u00e1va Prolibertate&nbsp;<a href=\"https:\/\/www.prolibertate.cz\/\" target=\"_blank\" rel=\"noreferrer noopener\">(zde)<\/a>.<\/li><li><strong>Hledejme vlastn\u00ed sm\u011br vp\u0159ed<\/strong>&nbsp;bez nutnosti l\u00e9zt do zadku komukoli ze z\u00e1padu \u010di z v\u00fdchodu. Dr\u017eme se toho, co m\u00e1me s vyu\u017eit\u00edm dostupn\u00fdch technologi\u00ed za p\u0159ijateln\u00e9 ceny, bez sou\u010dasn\u00e9ho ohro\u017een\u00ed budoucnosti n\u00e1s v\u0161ech a stability sv\u011bta, ve kter\u00e9m \u017eijeme.<\/li><li><strong>Podporujme vlastn\u00ed autonomii, suverenitu na\u0161\u00ed zem\u011b, na\u0161\u00ed identitu a sv\u00e9bytnost<\/strong>. By\u0165 za cenu vystoupen\u00ed z Evropsk\u00e9 unie a dal\u0161\u00edch mezin\u00e1rodn\u00edch instituc\u00ed.<\/li><li><strong>Zajist\u011bme si finan\u010dn\u00ed budoucnost a stabilitu<\/strong>&nbsp;i jin\u00fdmi zp\u016fsoby, ne\u017e zam\u011bstn\u00e1n\u00edm a \u00fasporami v bance.<\/li><li>Hledejme cesty ke<strong>&nbsp;zv\u00fd\u0161en\u00ed potravinov\u00e9 bezpe\u010dnosti a sob\u011bsta\u010dnosti<\/strong>&nbsp;bez nutnosti 100% z\u00e1vislosti na nestabiln\u00edch obchodn\u00edch \u0159et\u011bzc\u00edch a mezin\u00e1rodn\u00edch p\u0159ekupn\u00edc\u00edch. A to pro sebe samotn\u00e9 i v oblasti na\u0161eho st\u00e1tu.<\/li><\/ol>\n\n\n\n<h2 class=\"wp-block-heading\">Jak odr\u00e1\u017eet globalismus syst\u00e9mov\u011b<\/h2>\n\n\n\n<div class=\"wp-block-image\"><figure class=\"alignleft size-large is-resized\"><img loading=\"lazy\" decoding=\"async\" src=\"https:\/\/www.jindrichsmitka.cz\/wp-content\/uploads\/2021\/07\/pexels-pixabay-262488-1024x768.jpg\" alt=\"puzzle, d\u00edlek, skl\u00e1da\u010dka, chyb\u011bj\u00edc\u00ed, chyb\u00ed\" class=\"wp-image-3483\" width=\"235\" height=\"176\" srcset=\"https:\/\/www.jindrichsmitka.cz\/wp-content\/uploads\/2021\/07\/pexels-pixabay-262488-1024x768.jpg 1024w, https:\/\/www.jindrichsmitka.cz\/wp-content\/uploads\/2021\/07\/pexels-pixabay-262488-300x225.jpg 300w, https:\/\/www.jindrichsmitka.cz\/wp-content\/uploads\/2021\/07\/pexels-pixabay-262488-768x576.jpg 768w, https:\/\/www.jindrichsmitka.cz\/wp-content\/uploads\/2021\/07\/pexels-pixabay-262488-150x113.jpg 150w, https:\/\/www.jindrichsmitka.cz\/wp-content\/uploads\/2021\/07\/pexels-pixabay-262488-696x522.jpg 696w, https:\/\/www.jindrichsmitka.cz\/wp-content\/uploads\/2021\/07\/pexels-pixabay-262488-1068x801.jpg 1068w, https:\/\/www.jindrichsmitka.cz\/wp-content\/uploads\/2021\/07\/pexels-pixabay-262488.jpg 1280w\" sizes=\"auto, (max-width: 235px) 100vw, 235px\" \/><figcaption>Bu\u010fte chyb\u011bj\u00edc\u00ed d\u00edlek skl\u00e1da\u010dky, kter\u00fd vych\u00fdl\u00ed jaz\u00fd\u010dky vah sm\u011brem od globalismu k n\u00e1m. Zdroj: Pexels<\/figcaption><\/figure><\/div>\n\n\n\n<p>Samoz\u0159ejm\u011b lze za\u010d\u00edt t\u00edm, \u017ee budeme volit spr\u00e1vn\u00e9 politiky. Ne ty zaprodan\u00e9. To zat\u00edm st\u00e1le zab\u00edr\u00e1. U n\u00e1s zastupuj\u00ed v politice globalistickou agendu Fialova hr\u016fzovl\u00e1da a prezident P\u00e1vek. <\/p>\n\n\n\n<p>\u0160\u00ed\u0159it d\u00e1l informace o tom, co je za\u010d ten globalismus tak\u00e9 zab\u00edr\u00e1, v\u010detn\u011b toho, kdo jej u n\u00e1s prosazuje.<\/p>\n\n\n\n<p>A m\u016f\u017eeme dokonce i vyvolat celost\u00e1tn\u011b z\u00e1vazn\u00e9 referendum&nbsp;<a href=\"https:\/\/www.jindrichsmitka.cz\/2022\/11\/12\/prima-demokracie-v-ceske-republice-zakonna-cesta-skrze-krajska-referenda\/\">(psal jsem zde)<\/a> o d\u016fle\u017eit\u00fdch ot\u00e1zk\u00e1ch sm\u011b\u0159ov\u00e1n\u00ed na\u0161\u00ed zem\u011b. T\u0159eba za\u010d\u00edt s referendem na odvol\u00e1n\u00edm vl\u00e1dy, vystoupen\u00edm z Evropsk\u00e9 unie a pak pokra\u010dovat volbou spr\u00e1vn\u00fdch politik\u016f. <\/p>\n\n\n\n<p>Mus\u00edme ale trochu cht\u00edt. U\u017e jsme si toti\u017e ov\u011b\u0159ili, \u017ee:&nbsp;<a href=\"https:\/\/www.motivar.cz\/motivacni-obraz-s-citatem-vytrvalost-prinasi-stesti\/\" target=\"_blank\" rel=\"noreferrer noopener\">\u201eVytrvalost p\u0159in\u00e1\u0161\u00ed \u0161t\u011bst\u00ed\u201c (motiva\u010dn\u00ed cit\u00e1t v obraze k dost\u00e1n\u00ed zde)<\/a>. A v\u011b\u0159\u00edm, \u017ee spole\u010dn\u011b se n\u00e1m poda\u0159\u00ed zm\u011bnit sm\u011b\u0159ov\u00e1n\u00ed na\u0161\u00ed zem\u011b do n\u00e1ru\u010de glob\u00e1ln\u00edho otroctv\u00ed. <\/p>\n\n\n\n<p>Co je na po\u0159adu d\u00e1l?<\/p>\n\n\n\n<p><a href=\"https:\/\/www.jindrichsmitka.cz\/2023\/02\/25\/hromadny-statni-bankrot-aneb-globaliste-boduji-a-smerovani-ceska\/\" target=\"_blank\" rel=\"noreferrer noopener\" title=\"Hromadn\u00fd st\u00e1tn\u00ed bankrot aneb globalist\u00e9 boduj\u00ed a sm\u011b\u0159ov\u00e1n\u00ed \u010ceska (zde)\">Hromadn\u00fd st\u00e1tn\u00ed bankrot aneb globalist\u00e9 boduj\u00ed a sm\u011b\u0159ov\u00e1n\u00ed \u010ceska (zde)<\/a><br><a href=\"https:\/\/www.jindrichsmitka.cz\/2021\/10\/24\/agenda-2030-centralnim-rizenim-spolecnosti-k-zavislosti-totalite-a-otroctvi\/\" target=\"_blank\" rel=\"noreferrer noopener\" title=\"Agenda 2030: Centr\u00e1ln\u00edm \u0159\u00edzen\u00edm spole\u010dnosti k z\u00e1vislosti, totalit\u011b a otroctv\u00ed (zde)\">Agenda 2030: Centr\u00e1ln\u00edm \u0159\u00edzen\u00edm spole\u010dnosti k z\u00e1vislosti, totalit\u011b a otroctv\u00ed (zde)<\/a><\/p>\n\n\n\n<p><br><\/p>\n\n\n\n<p class=\"has-text-align-center wp-embed-aspect-16-9 wp-has-aspect-ratio\"> &#8212; konec \u010dl\u00e1nku &#8212;<\/p>\n\n\n\n<p class=\"wp-embed-aspect-16-9 wp-has-aspect-ratio\"><em>D\u00e1l se m\u016f\u017eete pod\u00edvat do e-shopu <a href=\"http:\/\/motivar.cz\" target=\"_blank\" rel=\"noreferrer noopener\" title=\"Motiv\u00e1\u0159.cz\">Motiv\u00e1\u0159.cz<\/a> a vybrat si z \u0159ady designov\u00fdch motiva\u010dn\u00edch obraz\u016f s cit\u00e1tem s podtitulem &#8222;denn\u00ed d\u00e1vka motivace a dobr\u00e9 n\u00e1lady&#8220;. P\u0159\u00edpadn\u011b se domluvit na osobn\u00ed konzultaci ohledn\u011b mo\u017enost\u00ed ochrany majetku i p\u0159es p\u0159ich\u00e1zej\u00edc\u00ed ekonomick\u00e9 turbulence <a href=\"https:\/\/www.jindrichsmitka.cz\/produkt\/osobni-konzultace-kryptomeny\/\" target=\"_blank\" rel=\"noreferrer noopener\">(zde)<\/a> anebo se m\u016f\u017eete pod\u00edvat na Videobesedu o pouti do Santiaga de Compostela <a href=\"https:\/\/www.jindrichsmitka.cz\/produkt\/videobeseda-3-000-kilometru-pesky-do-santiaga-de-compostela\/\" target=\"_blank\" rel=\"noreferrer noopener\">(zde)<\/a> a t\u0159eba si p\u0159itom i trochu vy\u010distit hlavu. <\/em>A nebo si po\u0159\u00eddit hezkou voskovou sv\u00ed\u010dku z rodinn\u00e9 manufaktury <a href=\"https:\/\/www.sochorskymlyn.cz\/\" target=\"_blank\" rel=\"noreferrer noopener\" title=\"(zde)\">(zde)<\/a>.<\/p>\n\n\n\n<p class=\"wp-embed-aspect-16-9 wp-has-aspect-ratio\"><em>I nad\u00e1le se v\u0161ak m\u016f\u017eete t\u011b\u0161it na dal\u0161\u00ed zaj\u00edmav\u00e1 t\u00e9mata. Rozhodn\u011b se proto <strong>zapi\u0161te k odb\u011bru novinek<\/strong> do formul\u00e1\u0159e n\u00ed\u017ee, aby V\u00e1m nic neuniklo nebo <strong>podpo\u0159te provoz<\/strong> tohoto blogu p\u0159\u00edsp\u011bvkem <a href=\"https:\/\/www.jindrichsmitka.cz\/2019\/04\/13\/podporte-dalsi-rozvoj-blogu\" target=\"_blank\" rel=\"noreferrer noopener\">(v\u00edce zde)<\/a>.<\/em><\/p>\n\n\n\n<p class=\"wp-embed-aspect-16-9 wp-has-aspect-ratio\"><strong>P\u0159ihl\u00e1sit k odb\u011bru novinek:<\/strong> [mc4wp_form id=&#8220;175&#8243;]<\/p>\n","protected":false},"excerpt":{"rendered":"<p>uhodob\u00e1 a c\u00edlen\u00e1 totalitn\u00ed ideologie. Vystupuj\u00ed jako humanist\u00e9, ale jejich hlavn\u00edm c\u00edlem je moc a ovl\u00e1d\u00e1n\u00ed lid\u00ed. Pou\u017e\u00edvaj\u00ed n\u00e1stroje jako nadn\u00e1rodn\u00ed korporace, bankovnictv\u00ed, trusty, nadace a subjekty mezin\u00e1rodn\u00edho pr\u00e1va. Roz\u0161\u00ed\u0159ili se celosv\u011btov\u011b a skrze svoje poskoky ji\u017e nyn\u00ed ovl\u00e1daj\u00ed nejv\u00fdznamn\u011bj\u0161\u00ed posty.<\/p>\n","protected":false},"author":2,"featured_media":4803,"comment_status":"closed","ping_status":"closed","sticky":false,"template":"","format":"standard","meta":{"_jetpack_memberships_contains_paid_content":false,"footnotes":""},"categories":[1354],"tags":[1523,1506,1524,1525,1526,1527],"class_list":["post-4802","post","type-post","status-publish","format-standard","has-post-thumbnail","hentry","category-spolecnost","tag-bankovnictvi","tag-globalismus","tag-korporace","tag-ovladani","tag-pyramida-moci","tag-totalitni-ideoologie"],"aioseo_notices":[],"jetpack_featured_media_url":"https:\/\/www.jindrichsmitka.cz\/wp-content\/uploads\/2023\/12\/planeta-upravena-pexels.jpg","jetpack_sharing_enabled":true,"_links":{"self":[{"href":"https:\/\/www.jindrichsmitka.cz\/index.php\/wp-json\/wp\/v2\/posts\/4802","targetHints":{"allow":["GET"]}}],"collection":[{"href":"https:\/\/www.jindrichsmitka.cz\/index.php\/wp-json\/wp\/v2\/posts"}],"about":[{"href":"https:\/\/www.jindrichsmitka.cz\/index.php\/wp-json\/wp\/v2\/types\/post"}],"author":[{"embeddable":true,"href":"https:\/\/www.jindrichsmitka.cz\/index.php\/wp-json\/wp\/v2\/users\/2"}],"replies":[{"embeddable":true,"href":"https:\/\/www.jindrichsmitka.cz\/index.php\/wp-json\/wp\/v2\/comments?post=4802"}],"version-history":[{"count":0,"href":"https:\/\/www.jindrichsmitka.cz\/index.php\/wp-json\/wp\/v2\/posts\/4802\/revisions"}],"wp:featuredmedia":[{"embeddable":true,"href":"https:\/\/www.jindrichsmitka.cz\/index.php\/wp-json\/wp\/v2\/media\/4803"}],"wp:attachment":[{"href":"https:\/\/www.jindrichsmitka.cz\/index.php\/wp-json\/wp\/v2\/media?parent=4802"}],"wp:term":[{"taxonomy":"category","embeddable":true,"href":"https:\/\/www.jindrichsmitka.cz\/index.php\/wp-json\/wp\/v2\/categories?post=4802"},{"taxonomy":"post_tag","embeddable":true,"href":"https:\/\/www.jindrichsmitka.cz\/index.php\/wp-json\/wp\/v2\/tags?post=4802"}],"curies":[{"name":"wp","href":"https:\/\/api.w.org\/{rel}","templated":true}]}}